{"id":5303,"global_id":"consultadisabili.fvg.it?id=5303","global_id_lineage":["consultadisabili.fvg.it?id=5303"],"author":"3","status":"publish","date":"2025-09-17 15:24:37","date_utc":"2025-09-17 15:24:37","modified":"2025-10-14 09:27:10","modified_utc":"2025-10-14 09:27:10","url":"https:\/\/consultadisabili.fvg.it\/?tribe_events=premio-regionale-solidarieta-domenica-5-ottobre-2025","rest_url":"https:\/\/consultadisabili.fvg.it\/index.php?rest_route=\/tribe\/events\/v1\/events\/5303","title":"Premio Regionale Solidariet\u00e0 &#8211; domenica 5 ottobre 2025","description":"<p>&nbsp;<\/p>\n<p><a href=\"http:\/\/consultadisabili.fvg.it\/wp-content\/uploads\/2025\/09\/premio-manifesto-70x100-1.pdf\">LOCANDINA PREMIO REGIONALE SOLIDARIETA&#8217;<\/a><\/p>\n<p><a href=\"http:\/\/consultadisabili.fvg.it\/wp-content\/uploads\/2025\/09\/ALL.PROGRAMMA-PREMIO.pdf\">PROGRAMMA<\/a><\/p>\n<p><a href=\"http:\/\/consultadisabili.fvg.it\/wp-content\/uploads\/2025\/09\/comunicato-stampa-premio5.10.2025.pdf\">comunicato stampa premio5.10.2025<\/a><\/p>\n<p><strong>IL PRESIDENTE DELLA REGIONE FEDRIGA RITIRA<\/strong><\/p>\n<p><strong>IL RICONOSCIMENTO SPECIALE<\/strong><\/p>\n<p><strong>AL PREMIO REGIONALE SOLIDARIET<\/strong><strong>\u00c0<\/strong><strong> 2025<\/strong><\/p>\n<p>All\u2019Ugg di Gorizia \u00e8 andata in scena l\u2019annuale festa dell\u2019impegno quotidiano a favore dei pi\u00f9 deboli<\/p>\n<p><strong>GORIZIA <\/strong>\u2013 \u201cQuesto premio va a tutta la comunit\u00e0 del Friuli Venezia Giulia, che io rappresento pro tempore. I risultati non sono frutto solo delle risorse economiche che si mettono in campo o delle norme che si creano, da sole non basterebbero: solo grazie ad una rete di realt\u00e0 e di persone che si muovono assieme si pu\u00f2 dare un simile segno di civilt\u00e0\u201d. Il governatore Massimiliano Fedriga ha commentato cos\u00ec in\u00a0 una sala maggiore dell\u2019Unione Ginnastica Goriziana affollata il riconoscimento speciale che la Consulta regionale delle associazioni delle persone con disabilit\u00e0 e delle loro famiglie ha voluto consegnare alla Regione Friuli Venezia Giulia per il costante impegno e le risorse destinate al mondo della disabilit\u00e0. Fedriga \u00e8 stato uno dei grandi ospiti di una manifestazione che, oltre che con Go!2025, coincideva anche con il 40\u00b0 anniversario di fondazione della Consulta, ed \u00e8 stata dunque una festa ancor pi\u00f9 grande.<\/p>\n<p>A supportarla, oltre alla Regione, c\u2019era anche Bluenergy Group, multiutility di riferimento per la fornitura di gas, luce e servizi, rappresentata dall\u2019amministratore delegato Alberta Gervasio tra gli ospiti d\u2019onore della mattinata. Una mattinata che \u00e8 stata accompagnata, tra scroscianti applausi, anche dal coro misto Emil Komel e dal gruppo Freevoices, che hanno presentato un programma culturale di alto livello.<\/p>\n<p>Il tutto inframezzando la consegna dei riconoscimenti che tutte le quattro consulte territoriali hanno assegnato a persone, aziende, associazioni che giorno dopo giorno si spendono lontano dai riflettori per rendere pi\u00f9 inclusiva la societ\u00e0. Valori, ha detto il presidente della Consulta Mario Brancati, \u201cimprescindibili e alla base degli sforzi di tutte le realt\u00e0 che compongono la nostra grande famiglia\u201d. Brancati ha anche ricordato poi gli sforzi della Regione per il mondo della disabilit\u00e0, citando l\u2019aumento del 60% delle risorse dedicate negli ultimi 6 anni, e il recente stanziamento di 10 milioni di euro in assestamento di bilancio per l\u2019 \u201cAbitare possibile\u201d.<\/p>\n<p>Oltre a Fedriga, e dunque alla Regione, sono stati premiati con riconoscimenti regionali anche il campione paralimpico del tennistavolo Matteo Parenzan (special guest della manifestazione), Fvg Music Live per il lavoro svolto per rendere accessibili a tutti i grandi eventi in regione, la Basilica di Aquileia e il Centro di assistenza e terapia occupazionale di Nova Gorica.<\/p>\n<p>Venendo invece ai riconoscimenti delle consulte territoriali, Gorizia la medaglia d\u2019oro \u00e8 andata a Marco Pellegrini del Centro Studium, mentre targhe sono assegnate a Giulio Boscarol, al supermercato Il Gallo Rosso, a Sebastiano Natalino Marchesan, al sindaco di Farra Stefano Turchetto e al nuotatore paralimpico Luca Da Prato. Trieste ha assegnato la medaglia d\u2019oro Roberto Di Lenarda per aver avviato il progetto regionale di odontoiatria sociale, e le targhe a Fortuna Poggi, alla Calicanto Band, alla Cooperativa La Zattera, all\u2019atleta Enrico Ambrosetti, al presidente dell\u2019associazione Samarcanda Odv Bruno Opatti e alla Lilt di Trieste. Ancora, Udine ha premiato con la medaglia d\u2019oro la fondatrice del Progetto Autismo Fvg Elena Bulfone, e con le targhe la coopertiva Hattiva Lab, la Fondazione Radio Magica, l\u2019Universit\u00e0 di Udine e l\u2019atleta Zaral Virgolin. Per Pordenone, infine, medaglia d\u2019oro a Pordenone Fiere Spa (con l\u2019ingegner Renato Pujatti), e targhe all\u2019associazione La Luna, alla Cooperativa San Mauro, all\u2019associazione Polaris \u2013 Amici del libro parlato, e all\u2019atleta Umberto Pellis.<\/p>\n<p>&nbsp;<\/p>\n<p>Il <strong>Premio Regionale Solidariet\u00e0 domenica 5 ottobre a Gorizia \u00e8 <\/strong><\/p>\n<p>la manifestazione promossa ed organizzata dalla Consulta nata per premiare le eccellenze che il Friuli Venezia Giulia pu\u00f2 vantare nell\u2019ambito sportivo, culturale e artistico e per riconoscere il merito a coloro che tanto fanno a favore della disabilit\u00e0.<\/p>\n<p>Cultura, arte, lavoro e prevenzione sono le direttrici della rassegna 2025 del Premio Regionale Solidariet\u00e0!<\/p>\n<p>In occasione del 40\u00b0 anniversario della sua nascita, <strong>la Consulta, Fondazione Radio Magica ETS, Hattiva <\/strong><strong>Lab cooperativa sociale onlus si uniscono alla LILT sezione di Trieste all\u2019iniziativa \u201cNastro Rosa LILT <\/strong><strong>for women\u201d<\/strong> che ha come obiettivo quello di sensibilizzare le donne sull\u2019importanza della prevenzione e della diagnosi precoce dei tumori della mammella.<\/p>\n<p>Una busta in omaggio unir\u00e0 tutte queste idee con la <strong>Mappa Parlante delle due Gorizie di Radio Magica<\/strong> che \u00e8 un magnifico poster da appendere ma anche una speciale mappa per scoprire la Capitale Europea della Cultura 2025. Undici storie e curiosit\u00e0, in italiano e sloveno, completamente accessibili in formato audio, video e testi scaricabili. La storia dedicata al dottor Basaglia \u00e8 stata realizzata dagli allievi di ALA, l\u2019Accademia delle Libere Abilit\u00e0 inaugurata dall\u2019Universit\u00e0 di Udine con Fondazione Radio Magica e aperta a giovani studenti con disabilit\u00e0 intellettiva che desiderano continuare a studiare dopo le scuole superiori.<\/p>\n<p>e i B<strong>istorti di Hattiva Lab cooperativa sociale<\/strong> onlus che sono gustosi biscotti, dolci e salati, realizzati con materie prime a km zero, coinvolgendo persone fragili che lavorano con passione nella cucina appositamente creata per i corsi di economia domestica.<\/p>\n<p>La Consulta promuove e unisce anche musica, spettacolo e danza superando i confini geografici e<br \/>\nculturali con l\u2019esibizione di due gruppi corali<\/p>\n<p>il<strong> gruppo Freevoices<\/strong>, gruppo nato nel 2011 nel goriziano, che opera oggi all\u2019interno dell\u2019Associazione Culturale InCanto APS di Capriva del Friuli, oggi di fama internazionale collabora a numerosi progetti del teatro e cinema, avvalendosi della collaborazione di professionisti importanti. La direzione artistica \u00e8 di Manuela Marussi.<br \/>\nil <strong>coro giovanile misto Emil Komel<\/strong> rappresenta il gruppo corale pi\u00f9 maturo nel piano di studi del Centro sloveno di educazione musicale Emil Komel di Gorizia.<br \/>\nNato nel 2008 come coro di voci bianche si \u00e8 presto affermato in ambito locale e nazionale alla guida della direttrice Damijana \u010cevdek.<\/p>\n<p><strong>Matteo Parenzan \u00e8 l\u2019ospite di eccezione<\/strong> per questa edizione, campione paralimpico, che dopo essere stato campione del mondo a Granada nel 2022, campione europeo a Sheffield nel 2023 e oro paralimpico a Parigi 2024, trionfa nel Para Showcase di Las Vegas, conquistando una sorta di Grande Slam del tennistavolo. Lo sport \u00e8 inclusione, prevenzione ma anche \u201cstrumento di confronto\u201c, cos\u00ec lo vive Matteo Parenzan.<br \/>\nIl Premio Regionale Solidariet\u00e0 \u00e8 promosso ed organizzato dalla Consulta con il patrocinio del Comune di Gorizia e di Nova Gorica, GO!2025 e della Fondazione Cassa di Risparmio di Gorizia<br \/>\ncon il contributo della Regione Autonoma del Friuli Venezia Giulia e BLUENERGY.<\/p>\n<p>Ringraziamo\u00a0per avere reso verde l&#8217;evento<\/p>\n<h3 class=\"LC20lb MBeuO DKV0Md\">Floricoltura Gaggioli Di Andrea E Livio<\/h3>\n<p>Stradone della Mainizza, 174, 34170 Gorizia GO<\/p>\n<h3 class=\"LC20lb MBeuO DKV0Md\">e il ristorante <img id=\"tsuid_JBbuaOzCLI7_7_UPo_DkqQ0_84\" class=\"XNo5Ab\" style=\"font-size: 16px;\" src=\"data:image\/png;base64,iVBORw0KGgoAAAANSUhEUgAAANMAAADTCAYAAAAbBybZAAB+b0lEQVR4XuydB5QVRdbHMeyaVlddAyBRxAQKKIqJNWBCBEkiyYQoYkBEUAREDJiVHBSUqICCIDknkSA5ZxCQzCggSVHq61\/13Df9qqrf6zczuIbvnvM\/MP26qkPd21V1Yw6lVI7\/R3SkLan9Dw83eXjbw1wPv3pQfwHwHDwPz8Xz\/cN89v9HYlgH\/h82PMbK5aGehyEe9joY8a8InnNwmv\/cOc138v+wYR34f\/jwGOgcD497mODhNwez\/Z3A8\/MeeB\/nmO\/q\/+HDOvB3hscoJ3io6WFsOgOZTPW3xoYZ1dSUz249MuCDa7dum1fjfu\/YCeY7\/DvDOvB3hMcURTy09fCDyUB\/d2yZU0NNH3i7+uy9a1S7piVimNDnFn5PS\/PfWxHznf4dYR34u8BjgGM9VPXwjclAf3dsX1BTzR12lxrY\/jrVoVmGAAXR\/sUSasXEisF2vEfe57Hmu\/67wDrwV4c32Kd4eMrDOpOJ\/s7YtbiWWjymghratbTq3OIKS3hc+Pi1q9S2+TXNvtam+e\/3FPPd\/9VhHfirwhvc0z20SvOXJiYD\/G2xalIlNeaTm9RHra60hCUKRnT7r9VnOnjPvO\/TzbH4q8I68FeDN5j\/8tDUw27HgP\/vsLi22vZ1ZbXxqzvUur43qVVdrlHL3r5CLWxeRC1ocrGa16Cwxuw6BdW3DxfU\/8oxfuc8zqcd7emH\/ujXupaB76ZXVZP6llE9Xr\/KEo7MYOGo8tY1AuC98\/7\/ZY7NXw3Wgb8KvME70UNjD7scA\/y7YceMqmp9\/1vU0jeKq7n1C6lvKp6nJl31HzU656lq1Gn\/ynbQL\/1zHa7Hdbn+hkkV1Tdf3K76vlPKEoas4sOXr1Sb51S3nt0A4\/CchxPNsfqrwDrwV4A3YJU9rHcM6FHFzrnV1fp+N6vFLxVV0yudp8YVPcNi9t8TI3Ofqr68Jafq9Uhh1eGF4pYQZCcGdbjeeh8hYK9a2RyzvwKsA39meIN0uYfJjgE8Kti1oJb+6s9\/7iI15eZz1OizbIb+X2H4GaeoLvfls5j+aGLW4LLWO0qASR4uN8fwzwzrwJ8R3qCc5qFj2u9gaN3u7TeWv3elmlktrxqT7+gs1bIDbxU8TjW66iSL4Y8mOrW4Qht2zXeWAIxXBw+nmWP6Z4R14M8GbyDu9rDRMVDZhh0z71Ur2pTU+5DRZ9uM+0cDs9I9uXOom8\/OoTo9W9Ri+qOJfu9do3ZFUIIYYPzuNsf2zwbrwJ8Fab7vXH\/HwGQPFtVS6\/rcqGZUz\/enEKAguuT\/h7rxrBwabSrmthj+aGNav1vt9xkN\/dL+xL5\/1oE\/A7wXXt7DTsdgZBmolxe1KKrGX\/6\/VR5kBQPPPVnddLYvTNUvyKHaNz26yocgur9UQs3un2lhAoxreXPM\/wywDvyR4b3kkz10dQxAlrFpxF3aljP6XJs5\/4yok88XJtC5dkGL6Y8GPnzpCvVyhbOsd5tJdPFwsskDf2RYB\/6o8F5sCQ\/LHS89S0Abx17IZMY\/Oz4ocHxMmOoUOcZi\/OxGl2Yl1P1Fj1Wz+5Wx3nEWwHiXMHnhjwrrwB8R3gut6+Fnx8vONDYMvFVNK5vTYsK\/CoadeYoqmzNjdupUq4AlANmJjo2LqfduOE2\/V\/NdZxGMe12TJ\/6IsA78kZDmxxd1d7zgTAO3m7\/iTORCi4IZwlSjcA7V4YVilhBkJz55\/CI16sx\/6ffLezbffRbRLe0PHj9lHfijwHtx+TzMdrzUTAHFAj5uo063me6vikHnnKxuOzdDoN6rkNMSgOzGF+Xz+Nf33jPvW\/sLOsYjk\/jWQ16TV\/4osA78EeC9sFIedjheZsrYNb+mWvzyZX9oA+vRxIuB2em2XDlU54ZFLAHITuC2NLTYmbHr8955\/4yDOTaZBHxRyuSZPwKsA\/9rpPl+dQccLzFloFyYeGXGwP4dMfisk9Wdgb3TM1eeYAlAdqPb05eqkefGf7wmlvyPHg9zjDIJ+OMP599nHfhfwntBjdKywSVox6x71ZzHzrcY6++KNwocFxMm0K5qHksAshv97ytg3QdgXBgfc8wyAfikkclD\/0tYB\/4X8F7KMR7aO15YyljTo7QaV+R0axD\/zhh5+inqvjwZwnQHyz1v9jAFILsx5JqzrXsBjM9ab5zMscsk4JtjTJ76X8A68HvDexHHefjY8ZJSAuEPc58oZA3c\/8NHj7wnaF89EajHLjvuqIdldH22qBqR9zTrXgSMF+NmjmUmAP8cZ\/LW7w3rwO8J7wX808NnjpeTEjYNu1NNKvUfa7D+H\/FoHlBGgLfvOscSgOxG3wcSf+AYt03DUwrdCMOnHv5p8tjvCevA7wUe3MNQx0tJCYRDjDY2u9mBsXnPVGNyHb3l4uizTgvtn+Ojz8z+ZxqV74y45R4zVZfHClsCYKLzS9eojs1LWsejYvBNiY3jjN\/y90taY5sJwE\/\/M4GyDvwe4IHTH9x8GZGBqnV23YLWwGQGo8\/9t5r3YBm1uX9btW\/lHHXk18NK6LeD+9XeBVPUd11eUjPLX2G1TRUzK5RUP3z9Vewa+5Z\/qxY\/XVH\/NqfGf9XehVP96x46oHaM6q2m31rE6iMVjDv\/LPVd5+bql52b\/X5\/OaQWj\/1cvX7v1doZ9r5COVTHJr4x97O2VdW0Ye+qFXOHqV1bVqqfD+yNvQfo54M\/qY2rZqqvh76tPm5dxhKaMHRqfLkafsG\/rXszwXhmgwr9fyZQ1oGjjTR\/j8SUbL6EyNg6qaKactM51mCkitFnn6aWN39AHdq6XgXpyK8\/q1\/2bdX47deDcb\/9tGSGmlvrJquvKEBo1JEjup\/fDh9QvxzYFev3xxkjY\/\/\/9ee96tdDu\/X\/j\/z6q1pY7y6rrygYV+gstX\/tovRej6hf9m9Xhw\/+ELvO133bqLvy5lBDXr1fpW1bEzsudOS3w16bHbF3wXsR+s37GCyePkB99Op\/LeFxoVfdwpEM5owr42uOeYqAv373PZR14GgizdfaZUnZgJvKuEvcy6NU8HXpwuqnZbOU0IG0Fer7ue+rZSMrq3lfFIvDkhEV1KY576gDu5bFzmfWGH9hdIEmYG\/L7Al+2xX91IJBpXTfK8berxnWpyPq+3ltveMl9G\/fzXgZjlYHv19t9RcFU+qV1b0e+mmTWj66eux5Voyt5T3v8vTffKGFDh\/c5d1bf7V26rNq8bA7rPfAfa0YW1NtXdIjJuwH9\/2gBn\/4iCU8Lgy8M7d1jy4wvtngjoQb2u+q5bMOHE2kZVH9vfrjG9SY87K+l5hb60b124GfFHRo70bNPDbjuLFm8pPq0J7vdNuDG1eqqdcm3mAL6ufPocZ2eUW3271pclyfCBRCgzAHjyNYELOW2V8ydMv7T\/Voyf\/o9r8dPhgnTGDBl9eqfdvnp\/++3\/tYvKvmDyppPW8YFgy+Tu1Y\/qniA3DEu\/ex\/ZpawmOi4\/PF1LBLo8WJMc6Mt8kDKaKdcvDh0YJ14GjBe7BnHQ8bGUvfLKGdKM2XnirYG7F0gn5YP9pjimstRkkGZpW0NUN1H7+kbVVTSiXeuw098xS94a9zxZma8aD101vE9bly\/CNxfy8ZUV4vsw7s8vq\/ym0ATYTnCvhKhpkDu+rrMRNZzzH4BvXDulHWbLxoyE1awFdPqq9nMZkpXeBDJEvhET0aqM4PFFRtKuRSnWrm9\/Zil1sC9XH9i9XIqOPonce4m7yQIp6F\/34PWAeOBrwHqpSWBc+GhS9mbRMumHZbUW9J5W+qty\/razEGWDL8bk9Qhnh7hC16n5C2drjHbPdY5wGWO9DBjSvUuMJuA6Wg2nk+c49s39xv8+Nqq78gdq4apM\/76olyVl9R8F56PNPDJc6ICfCayU9Z1wkCgd6\/c7FitgnSLwd26pnLPF+wauJj\/j7zwD71UPHTY9rCu\/PkUF3qXGAJ1OcV81n3mwiMv8kTKQC+q6QcfJndsA5kN7wHuTots752i2ur+Y0usl5uZjD2\/LPUrtULFZS2boTFEIAvMUsek1AWhDGiMP2OMX2tawbRroCfl6HmpSd6X\/JfdJtlo6pY\/QlQFOz3ZqVROcONnonAHq1ybp+pJ3R\/U1+PD4N5HcGqCY\/qmRDavHS2Vk6wLF03Z5I+BrE8XTDoGqst+G5mK33Ompnj1C3nZKjfy3ofkc5GUpf2OMOWSM1nEj6Ikq02BPDfVcrBn9kJ60B2wnuAvB62Ox4uObwXR0ZS86VmFjPavaCgAz+s9vYGV1vMwFJHBKnXC7VVuXw5VNULj1Pju7XWx1jKmPsOwD5DFBMLHytrXVcw8rRTVK10G8+84X30+Ru\/fcPqT+4F2jTkI6ufVNA+XYBfuP0i3R\/7Q\/Nagv07fK3f69VKxQRB0LJCMfXTzq36992bpnrnF7fagx83+AqWtnVui2vf\/IbTrNnpowa2M2wywA9ZECj48KiGb1gHsgtpfmDfLMdDJUc2C9Ln1+b1ZwNvubNi7AMWE2hm0ssbpTo9frcql9M3aAozDH2\/sf4NjZ+LkZZ5Qnbkt1\/Voc1r1Zic4fYUyRrUo3EN3R9aPbMvsG6aL\/ir33zS6iMVIMD3ejND2TwMCXTEqWRYPPR2\/evC0f30\/WF\/anT9v1T1izPeAcvF\/T\/4WsfNCzpYfeh+ht2hl3u7v1+jbg14qtNf10dt43D\/e\/Nb95wMWRQo+PGoBRhaB7IL3k1\/6HiYSMiupR1guTOhc0sFhS3v1n3dRP++ePRn6qP8J+h2ZPh5LL\/PDMQBbVw4XZ9jKg4EO1d9qX9f8lw16x4EMPddHpO998DN+twfN4yz+gHsT6BFT91j9ZEqWhU8Rj\/DwT1p\/v0Nv8u6HhpKqF+Lh2MC8Hix4zXDt6qSOyYYzcsV1ecxSy8ZVtbqB+xY+bk+p02t0nGz08OXHGNlSeLvoVek7gaml3wOvomID5WDX7MD1oHsgHfDdRwPEQkLm\/nKhhGF\/q2GFk9tXe1C26KnqUP79ii+yqbWSvDTtrkKGnnbJXFt8bZ+JD3Lz0vlyeSr9Axmtgdo37jG3kXTrHsIoq7X34t3Xqr72rdjgdUP2L60l\/59drXrrfap4qN8\/9T3v3HRDN3nyvEPWdfT9iyPJjatGScAHdLTK7\/xQAF1c\/o+aPqATvpcPh5mP0CWqN9PGhTXF3BlSermLfdGnZPacg\/AJybvpIA6ysG3WYV1IKvwbrS4h0OOB0iK+W8U14a9HvUuiq2rzZeYChCGDg\/doiBsKubAAwyy0IYpQ6z2gBmK4DqYSRhy2ehqVj\/gp62+EXjq9YWtfgTPFsih6pU6V593aPc6qw8gs9y0m+OFOzP4NPeJmpEXjR2g+1wz5Rnreti3oCXPVlUPBVKElc+bQ3V67jI9Fs3uOlsfQ1sHoZTBVmX2BVDDs+x9+pKMZJjgtVvOtIQJDKia+nIPLH0r02pz+LOYcvBvVmAdyAq8GzzJwzLHzYfi+2\/vU9M+v131aeWuVjf08szPTh29Pcq0fu0VZBpELUZqWstqL3g5fanU8\/la+tzNCzpa\/YCN3\/pas5WvPmb1ISDJSZULqFSJynmX1Qdg+QdNKpHXap8qiLTl3id+8pbu07VM\/X7eB\/o3lpUI3y2B\/eJrZdIF4IXiqkoh\/9jSiYP9vma8ZPUFti75RP8+1fuQBft6+063l3pml3vYodZ8coPFUxEBn56kHHycWVgHsgLv5jo7btqCCJBZdNiFVG0SQTzlzQJ7tm1SUNgSb8\/mb\/Tvk4qHM+7gc05Wt3ozU92SZ+lzf9o2x+oHYKOCdo7rZ\/UheLPAcVp1DOGDZ\/YB9m72Z8BxFyS2XUVFGe96X77VUPe5Year1vVEmMQHMBiqwb12efISPRavVsujj7Wre4c+\/8cN462+AIZcaF2751WT9L5QQnSp7684XMjscg9PiSy4HrFmtfg4s7AOZBbejZVz3GwMqQhQEB8\/mbmlDpv9B4rw4cFTep814ILDB9PUwS3rrPYmHsvnMxa+bKjQzX4y+vtBHdr6ndVe0D5do+d7YRyx2oOfts\/T9x0WopEqSOLfryWp55TT+CrCtPiZyvp8PDZoIwLVsOSJeizaPl9M3XlexkcFw7bZF0DJAW0f3kP1zHOC7uPd8skzIw2okrkPJ758Wydn2jm2nHLwc2ZgHcgMvBs6O82RTSizAhQES4CReVL\/YvU970TV6ObzFeRypQGLh96qf981foDV3sQ76XkUZImzZHg5qz+AUgEac55bEEQhsC9tmz7PbA9ETW+2zSyq58lQxyM45vVMYQIdAsn\/QeeHC+nxeOr6f+mPys\/pvo24Hpn9zRt4pTZDELryRdF\/x9omA5G\/wzJZIA5v80yGb8C3ZysHX6cK60BmkBYIqcgOATIx5NrUlzu407Sudo2CfEOjzbS4z0AbPmpltTeBcMJUY7q00m1QJ5v9gR+\/G6t\/n3yle1PdK4\/fT9rG1fo81yb+wA+r1G8\/H7TaZhYP5M2hOjzmzxYuYcIjHgoKEwgqI2pflEN7LrSslEv\/vWW5rwFdOe5Bqz\/AEnb3xmW6jTmeiYDyKUqohguzHz3fFJSo6KscfJ0qrAOpwruRskdDgIL4okL4fiYMLQseE7PnpK0baQ02EPvSqjfqW+1NoBlk39T\/lXq6jWsjD9LWDNO\/h2ni+qZr17at8mewhYNLW30c3L1G\/bo3zWqbWTyaP7EwsY+CTGHq5X1ApJoGaF8tr3rnscL6\/yunjdBtwj4qCNOetE3WWEbBoFtzWc8QFSs+yHTELvEqFn+nAutAKvBu4F9z+t+6pXMLtyYuu9D3odS9Idj4fvRMFQXh4W0ONtg46zX9++q3n7bau1Dd+1IPeZfsUu69ByAeCJr30K1WezAg50mqSuFj1dYV\/r5o0ZCbrT5wsP117w9q\/MXnWu0zg\/reu\/j8tfr6em5h8kNDiCY2PThQ5YswVfL+37bBpdrVasVU32t+zeSnrf4A8U4HvA9Ct9dussYzGTo\/d5kamS9zPomEwGcyp8QG+Fk5+DwqrAOpwLt4u2ZlT1cftjy6wtTtydTsTUSYbpg+Sgm5GAjg7Sz044wRamy+cDX85JL51fYV\/tIGWju1kdUf2DTbV0FD24Z8ZOVymN+oqvrtsO\/oCsO5whtEw0iI+cLH77buJRVw3+LgC637urF1vUVfEZbiR9Ee3LQqLkZr0Lknq9sDKZYHvFBWHdjtRwjjGLt46G1Wf0BsbkTkjv3sBWtMk+GzmonDWhKBJC2Z3D9lKf7JOhAV3oUvWzz0rl9ZBnR\/+egKEzkKzBeWCKs6NFUQYdpbl3RX8wddZQ22AOZnjwIl8oXbMqq3PgdD6\/fz2lj9CPB927qwqze7+DkXFj6eEUIx\/pKcnoD4TMveauX4OlZ7gHIDb3QY\/Nf9e3UeB\/N+omLziJ76eoR8hNnawJrJDWJCvHPsZ3F9iJ0NxUPaRv9d7d36bcKgSjR6O1cN1K5Hvx4+pLq2ut4a12TIio1x7pMXmIISBb\/C18rB71FgHYgK76Lj3r\/ftzt83DK1TWZmMCJ\/tGm\/e94T1IIRvlf2+unNrUF2AeaFdozuY\/UHqHW0fY2vYVs+pobV3gWYE2LpRB\/sud4te7E+xp7IPN+FtDVf6fO\/uSW1mVnQJv\/x3t7Mn5UI9jP7dwHVvhkmj6r87lw51L0XHq\/7QshdDr8uiDfHgPbVrTFNhp6PXWg9UypY2zNTiS6xmFv8HgXWgSjwLliRC79b+zxfmFoc3VIlIKrKtH6RE2Nq5+\/ntbMG14VVE32lws87NqmxBeMt8TjKNrg2V2xpluhrHIR4Q5BtiKUe4RCyb\/GNtcmZUYy3iWbMMCC8T1x9duy+10173urfBGpuQtzJnGQqUJp7s9P7D\/quWRBLQ7O9CzLbTR\/ZxhrTKBhyQ\/Q8GybGeTyzfVZK1d8FFZWD75PBOpAMaX6arjVctNNjBbQwdX\/R9986mviqZDR3k\/aP+OEE2GpccUthkCC\/RU9UiOsPhcGgN57Wv\/laweRCINi7dbZuN\/32y\/RSae8Of+kXpgEzQUgDzE2uCfM5k+ELb68z4NXH9fUITY9636KMMM0F7bzZefkUf6ZMtFw0wZ4KP76fftxmjWkUaM+Is1K3MwrmPF7IFJQogL9TThdmHUgG7yIN5aI9Gl2ohalbk6NbpgRE+ULhXdC5Pt7buLpM0IPJHiYsohUnV9GmEaMDLW1SPa5PQhiGvu+r0AlT9\/u8yqmFAwQQSl4JWaZ9W7mUjivyvdczHGVZMroiV4n45UNArolfD\/2oZ0zzWZPhlYLHxlyIti\/ro\/vFSE1ErXm9leMf9q75eOza0Kbeb8f1RzjK2m\/94L+1U5\/T5y4bda8zpMPv089pwbvCB5EsRuaYRsXnFVM3jQTx3YBMlQbl5Vn8nwjWgUTwLvAvD9vkggNeukwLU5eGF1svILvxZZnEWUHBE\/lzqAcuPzWWMAXPB5gR24852AD1Nl9NZjG8nNGemc6lZECVkAms+pzLMi1MQ4hqnN\/36+jbIzr546eFTtPvafxHvir+15\/3qAM\/rNS\/489n9oFCBOUJKnLIZOwoqOHd93NlLvDv27sO0cDMctyfeT2xMxH8yPuAyOAkfVHSE0WTeFHQjx9dfETb6sz+AO\/dz6OxRbdZ9E1\/a0yjgoqHUZf5Lky6KlPava3wu3LIQRisA4ngdd40eMGhb1+pmaRDfTtpRnYjSs61J\/P76luylcq+CQoLChQmgnCInfpQGatPSSfcrWFVdfiQz2gQXgNmf2Dnqi9i52xfvUh9c1fxmKG2fP6MbEFCrvx0CJvQgi86W\/u4KJAQeZxSJTAQSiRMELPn1JceiusLYSLymCDBEe2bxT5WUKgw\/ZyRDXbu8E9Ul5bXWmOaCj55\/OJMe0aAxa0uM4UlClALW3IQButAGNL8WWlX8GLjO12rB+yDh\/NbD5\/d+KJc8jq0QX8yomMRACgsolXCw\/u9\/KiqXSCH1R941VsuSZ+Ef88e3F23YW9h9gcQXKhVpSvUk+l94nTLTCH9VDw\/I\/LV5QGhXXG2rFf3eOfxTOY9RcEbgfu+PXeO2L5PlqpBiDBh5K6YL4f2kjf7kw+VfBTWzBqv24QlmuEZcJniGV69L681npnBoDuSf1DDMKbAaWrbtJRLgsLvkWcn60AYvE5bmheb3usm\/XLfrJ7bevDsRtRQDEIcCA3nvl6+p7iC9m6ebg02YP8AjXzzKfV5zpOsvgBaMUpZSm1YcXRF9W32B8jgA71ybU415KxTYv2gECBqV9xzhMKEiVmNZzHvJyoQYJQeUjXw0xYP6+ttXdTNup4IU+cHb9KlZ8y+wJCzTlYNvI8D4Rz0t2PdUt3Gz6tnvwc89dfPnaKal3fHMGUGWfGMALMfKWgKSxS8pBzy4IJ1wIU0P+gvblYCC768Q7\/YlhXOth48u5Fq8g0G\/vFSORV0aPd6a7ABmiZou7cMMdubQKgQ0p3r\/ExEKC\/M\/gD7DmhsAffSTBxdhVwaRzwjTFsPYLk3p0ZptfSFmjrXxJzqpSMtAXFYHdjaz\/OQSJhM3zwXMBWw3PNV7kd0ZlezP54J2rT6W2scs4rPamTeM4Jl4qahKcc+wfeRggitAy54ndV3XEStHFNBM0bjMv+2Hjq78Vmt1F4is8nd+bl99Aa\/xnJ7m+ALemD9Equ9CZiI5Znf32HlcgMi9ACDJlmKzPaCHnlO0L5tQlYfHkjJZTq6zrnvBn3MJNI8a9\/CBPsJvMbFp9Ble0tFmJjBn76BjFnhHym0p9Cybwdb45gdCBagThXfVDzP4uMIwMZgyYUJ64AJr6NjPaxyXEBtmn6vFqb6pfzgsaOJPg9fYL2YRJA9g2QVcqmEAW4x0PiLEjuV9s91UkyrR445sx9AOAK07atuVnsB8UwilGFBhvt3LtGb\/KCArP3MjznCPQdV9\/alvbVLkmjfIIRtz7xJal3bJmpC0Yz9Rc08GaEjrlx9qQhTN+\/+P3muuj4\/zIEYzxOI0jPmOGYHsuoZsWHQbRYvJwH8T64BSz6CsA6YSEv3dggDDIump+4V\/1Ctq+XSavIP61+UchxLMqT6Aj9MD8KTL7LYWkxsXuBn20mWVqtt\/uNj+fPIcWD2A1hCQaatyryv+y8\/VZ+H6tvsA4jXAL58tGGWfbD4v9XeHd\/r4ywlJSgPVyj8AH1V9NZYVtZfdm2JpWxGIylZhdZNa2pdLxVhanX+sTrjKxTmMS4uRAM7P2CNY3Yhit0xDNPK5bL4OALuUQ75CMI6YMLrZKqj4xio7yNaniC6PO3nDcgudE8xfP2rs3zbSKNbCinIZ1zbCwAjK5QobwNoVuhYlbbBd\/IMc1BlecaScsKl4TYxDMtPXn+e7gdbk9kHwNMCouwNbUQ9X7voKWrD\/K\/1bxQdMNsBDKrsZbCZyX1Uyp1DLRk\/ULdbM+kJq40I04qXHrbu18T795DUR5LBOJa6Hn7Zv00XRstKtcFk0BlhoxYAcGB9\/1ssXk6CqcohH0FYB4LwOrjI0WkcqhS2BQl0TZA8IzOg2LD5QpKhVl7f01kC8cL807TS4MiRhNUs2ta8XvcRtk8ghRa0ZWQvq20QhL\/LchF3I7MfwBIOml31Wt2GpRWBibzXWkVP1r+xNzOzs\/opng\/oJWJwlkGjt2HBNN3OpX0jnARa825D636DGJD3FLV+7mR9LjO62Q8QD4qlswZZY5jdyIqqfHqlTO2dyDNtyYnAOhCE1\/h9R4dx6N7gAtXoZu\/rl54GKiZMde10uFkB+QHMF5IMr6Xvm7o8yQwtM4E9O2381s8nTvyR2QfoW+hUtWnxTH3OpjnvWe0B+xxoVsWrrfZB4ObzTu0b9blh9i+uAS16MsNPkKjX8rn8dysfB1MwxMb1yeMZOc9RkdNGcoUvHnandT1dH8qjTb0Se1pMaP2EPo\/ibK5we7Dne19oB3Z+0BrD7EbXhkWz5Lf3\/ahyFj8nAXnhLDkRWAcEab5D605Hh6GYfH8+1bBA+jLvwfOth88qRuRNzcYw6JyTdd42jJaSc4H4JZMB5g+8Ui\/RIFfJyyltn9e\/sVR0aQVlmfRdhMQs7H8wEkMuAyqQdMVbB3WOayuZjRaP81MQmw6zxFqRPalf7gyb2ZfeO6hQkCFlNvtFuT4mqLL5bf\/qBaFawW+f9TV0LCFdiSwBPn78vnHpdGvsoqJTo8tUm0q51YvX\/Uu1uOE01bFmfiutchAD70puzA8DNXRNHk4C5CHUAdY6IPAaVXN0Fgqsy4QMS27rTjWy3ytiWJHU\/bOeSRfuVyuX1KzAMsiVQw\/HTPY7Rw7\/4ucL95hqTJ4z1PLOvmYKvzzXfgPfOoysuBpNuD55eD32L9m\/rJ\/ezOoPINz4tHE\/8x++LdYWweBZYslMxsenOkbYD++JV6n38WY0yRGOv6B5LYEkvtz4yetq4uUZDDqpeB61KV2TCG2e395qq+950FW6wgg06OV7rLFLhq71LlQtSp+mbglE9QoalzpZr0zMNqCLJ3ypVtMQwK+Z8IqophzyAqwDAq\/RaEdHoVjUoqi+QVFJt783e1xIgviqZOoRp4RQiNV+Uo+39WAf2rtBLfrqFoshyFCK0ECH9+zSFc81ecdcMxreC4d2r9WnjH8xPCNsEA2KnRqryOFMk5UO9h6imUubPEht6PaKxjf9fO927GOmwVdr9Qz7FHFU4mAbNhMCPgrUtBX6dd9uv0J7ekFrBDtsiQuIqoXGd39DPXbZcdbYhaFT7QLqkSIZrk9haFf1PKutIIrfZhjgW5OXk2C0csgLsA4Ar8GZHg47OnJjUS01Ib14lVSsa3NPLuuhs4rBN4dryRKBTEXcE751EkaAZzalVEymQFPnJ4GEiY7oPHguGxXCKHWZpvd6V42IoFkiYnVEuxd1GzP92LLR91kVClnGied4kFA+uIQbRQqBfaPPzUiK8m7pPOnF1cILFwjwCKFoAHtLqVWFNwaaQ+7PPF8g5oVtK+drvz3edZfHku+ZXy3zn5iw8MG7P28O7XIl7mBB3HdBDqu9ICt7J\/gW\/rV4OhzIxZnKITfWAeCd\/Iijk1Cs63NT7ObE2fTdstnnkyX4onwe62VEAd4L4kVd+YJjYsoENtIkVTGZA6ApC8sdgcAJk0\/v31H1LWhf04WhdcroNkeO\/Bof\/u4t68jRwDKJOrNx1\/N+Q5ipVAFwLA2eE5ydpNjY1zeml+QpeKbaON9XCLjCUFC8INTEOZm\/RYJ3b36RaKVtYC2vOTfG\/C9ce4o1fkF0rXOBPo\/MsTgTB51rGS8UNaZAdX7QrqIhiBKiEwb41+TpJCDhoiU31gHgnTze0UEoZtbM8JsTY2lr76tjPnBW0a96uOo6GXCDEW0YG\/JFY\/yUXHyxXUWSXWDm8PPi+UsfjLjtznc7hppgVvphAzFMdrGwbUt7pt+LvwSVQL3EKK5z92GsRcVOvSRJJrnqtXr6mqOb3Of3+dMmS0h9pYn\/HIR8EJ9lnpMICLj4If7w\/Rr15g15dMUQUeFj4+vcIDxotMOtZ+vCCmgbzXclCOY8Bw2uOMHqR9Dt6UtDlSfJAP+aPJ0EzjwR1gHvxHPSUijmvGPWvXojJzf2SV4\/t3TL0tnvr9e7TnipliigwoMIFPan7s9Wi6X5hbFwE9q66ENt+EQzxQYfGwzZhvy0xz7zwTytKl6h3ioY3aubEIZV3\/jpx1hi+td4KBb\/RJ\/B+rEENnJdvAz8iNa7tQqb+CGKW0v2IyGWfqKW\/uHrr\/Q4tK7qO5yiqSNLE+3xdhdlA5UApSSo9EHeCd4ByhFmYPzsuDYfG2ZxKoD4gY8+zRnaUzW87GQ9m\/CcwTx7rW87yxpDwZcRlux43Yu3vgholwaXWn0JMpP5F8C\/8LHJ2wmAfJyjIghTSoXKVrQpGXdjUg\/o+WsST\/OZQapeEC4wQ5F7WwaIjDvE+kiJyUREhqIPG1TWMT+pxBl9luskfS0MrlLjKUgI0iNX\/kfHYHV5okLMjpSMYGQ8PL5865lYSDy0e9ZoHWYO80kGWpO+XzJL1bv6HH1fROSi2Dj88yHztFBC8F+pfKWq5wkPs648qwRCgju9JVzH593JdqJ6fz8XEE7QsbpfgM2FXnUz\/7GFj03eToI6KoIwDXQ0DAVeuMGbYqrnoZ8u8U\/rYV3Ah4+vTZeHCql2lc9TH5TP5f3\/fKdvX6r588LAV5Q6SbIkATAyTPVxo\/vU6E4tdV2naZ+2U8PbNNV1bilQBnOyQUZDaPaZCDCbxBURvvBmjeu1ZvHbL7tpp9EGl54Qq4wOKKz2zH\/zezPnvbquEkKzZMIgfT73Q5agahfFJ9a\/0\/tANL3jYvXFY3dodXazwBKpzpVn6hAM2uPwSg72h8\/PoR4O5BIHKGh4B6RSJu8Fzz9naA99bZbF3DP39JgnhCgMMIO4lml1Av12qlXAGkcZyygFGYLCCTo\/EL5vApkNb8+ENznqy3Bh8k443sNuR0Mndsz0lnhnx98UjMNDo+40H1TQ5dHCugJ3zQt9xgm+LEHdoseqzo3srEcjCqVmuE0EZqkXCrq1R0HAOJSU6Zb3n1YfUUHQXcWAwAjIA847IzT89QLHxglVGChg\/ZLHyJ\/lPkmngb4jsBRCc8n1+GCIAd0EtjeC\/TgPVyVyZwSXU4nAB4h+8aI3n1HQJX3fDBpffZI1hoKoBlcR+nKesHds7J7pBFFnPBPwMfxs8ngCICckEgwVpv86GoViRdurrJsCeJFXK+RWZb5fMXdcMvhEaOQYiMzYmpKBryt7DCJb8VBgafG89y8apU7ecg6nWbNNZgCDty1wvO6\/iQf6Nr\/s\/I3rEPeCoFCwjf0WbXCPIskmgYpmv9w\/wm7+RvUOBIy9DJG3fOnN+5I+CFwk4SazNveH0D2e3\/+XYyxtg0u6MEiVd8aQj6WU8jShy6xGUBq09p4bY27nCF41esbLnXzGcwF+Nnk8Cf6bSJjecDQIxYz73KHkLGkoimU+KBXoTEFC8JgZ+NcUJmDOToNuy3yFhP\/H74egartDghwQg0snDqUYeda\/VK+bzo5VL4yCQbdnjkfgZ5PHkwCnzlBhmuVo4MSuBbV0kgrzhgC2A7Rl5kN2uDuX\/kLyhUUtirJCtEB88fgaB\/cxoM9z16jx\/ZupiQNf1s6TA+4tELvO1\/+9KBbC7aqHhDvQvAfLqBUvPaQT4Et8D6DCxOIGldTy5g+obyuVshLsgxl3Xq77X\/p8DX0tOc65s6tco9sublhFTSiSePBmlCuhljWtpeOcpl6X4XI0+qzTdATt8hYPqgWP3pk0p\/j024omvR\/zObOKb8pcqq\/J\/RMyn6ia4eizT1Nfl75Qv\/PZDSqq9t4zsf\/6rEll9XnHmqrzS6UsniAaYPgl9j5nxPmn6Xx5XZ91z2qJ8HH9i63+ogB+hq9NXk8AqhPYwuT9cHJaCl4PxIOYNyOQ+JsOTeLXt1HWyGKnwjkVLRVuLEFKW7dATbvpYrVlgF\/4OUZHjqgtn3fQFTDoh5Iu2h0mQLjIUFF88dMVvf9naL+gfSvnaqanLRv4H6cPj\/sd2vZVdx1jREW8IFGYbM17z2rhCD4LFSh2z\/bV0EHa3L+tfoaflvmVIoRwBUKwzHeCr9wP0\/wSLkEKux+S\/euaUxGWUGGYeFlulTbJdxEKEm5WweBH7m3V64+rPXMmaL\/GREQC\/5XzhqsBHWrE8QVLs\/73FVCDb8ypazNRQijMFy8qhmUy6X+KcU7ICzExljDd6Dg5FAuahEv\/A+kbxk7eVyf4gP2r2LOHCyQAwccLQpjIjKptPdvnB4bGD\/vesWKAtqEc+smPQv3xm2H6Cy5CSNLILV5b+pCyKUJkEsKAKvaZ3w7uV1OvLxxjcgyiROgSWSv9C\/E31+X64nqz8ZPWGc\/hMfL+dX6yfwLpMMwCAueChLc6dh3sTYSkQ8wEwfexZ6EfEBh\/P37hayHsTv799I\/dz6rWyYu4heGHGX6AIgZd7Fq4DOFWJO9wU5931MYeb8QJEL\/xvtPWDtfPunlBZ51zAp\/A3ZumaH9CoZXzRmSqdlNUpJqARwBfm7yeBDcqhzA1c5wYiim3hOdMQEOFMHV5Kn6d2\/ehaHkcWAqKrcXMprNjRT99nMLOQa+FxcNu95nRm6E+TXfbISQhGHJAjgZhBtMLgcGGJjaspH7eTwLFI3ElJkljLPVq+XfB4Otjv2kHWY92ju8fe4aOhU\/WfnI4tAbvEy8D8RyghlEwPTLuQtCOMX1j\/aCk8O+H+KUHEtxPhveCVDvnw2K+2yjo7K0Odm9ep\/tYNaFu3HviWUxBxtDLNU3HWxO4Z\/GM0n7fnu2qX7t7LUHIDuBNPiqCv6SJKTefY\/F6EjRTDmEa6TjRiZ1zq1sq8SDQQGlhejw+2vbjJ8NnMwEqYoprtX+UqohKM2Mw4SM+cwTimSVSJEn+3I9eUXecl0NnaIXMfA3McESyBo8JEx\/cul5VKZQjllsc155gEBzuRHgmLBpyY+wYXgEIMYIz4y4\/gLFfrpO0okXyLuA4G7wefnl8wSUnOcCD\/JcDO\/1nSE9NjM0Otfy4D\/14KYQQfzhpQ7ox\/34yvM\/pU2bRYG2oqCDMg30r9iz9DnavtSJ6CTDErxEv87AklImA0PkfxSPq8C+H1BedalvCkB3IjEcEfA1\/mzyfAEzhljClOU50gkTo5k0EIVbrLnXi0yZ3any5da4JKtWJ8kESJzKbJPKdk8oNy8b0Uy0u8Kuiv1XzBr+tt9xL1BbBYCmDB8FnZdKdL8\/PEatYYQqj2ZYlHDQxkFIYmxL91LniTG+i9EM61n\/zotU+CJZS0DeB0HHsSPRT89ITY94JruxCQbBkhGZ1aWm92yjAfsQ1q154XMzVylX1AhejYNJ+ZmrGgWUmWZMAS7xETrS67I73fg7t36N6vVPOEoas4tP7z7eeLwpSTPRP\/rUMYfIO5HGcFIrFLS+zbiAIsb53vt+2VkexUEtAHxpBCZlgHW4OhkCnxvIGpc+1eTQDomZnZpASKHg2m20EUjZzxCuP6msTBsC12zx8qz5O8a+wxCHsxaBFI\/qoYQFbFLYeMb7iTQGF5XsALH90QeVtG9WQgvHaMlHmSHpjPTs5+vBRXM9uh\/b+qL68JHlyyjDUTn8H\/VrW1ddkhravlQEib4O5xYNEkv9EcVBUYYS2b1qW7QlYOjUupkadY2tpkwH+Nnk+CfKogDCVdZwQiumVE2vlJNq2gyNAsPcjhZOuZUd4zIi1mz5aVvCz4RAhG1ziCPzsoUfU5pljYu1FmEngDyWKMGVTDU1KzwREZCrCiDZR\/PXCYnkIm4C+utGOsG1XwHf3eaj46focvsCu7KcAL3FopbehN\/vpmq7dvO\/if8RmOfaHZh+AnBDQ6s87WP2kAgzDXJO8HlIsLSyDLbMTAkPMFEvDVhVLqIY3FlAt7r5MTe2TEaG7Y+XnVluBON5+M+IDi1+yiiHXpb7Ug79Nnk8CXaldhOkFxwmhGH9Z4tkFexGD8d7dOa2HAzgkDi1+ptZ4YZQjHJ08aCTnxx3kk\/oXq7bPFtW+YmW8\/dOerRv0y5aaP0HAWHqwAiU0sVlhCMYnDWIPYbYTkIccGndBxktvnC6Mq6f7ghYWHIgQbwkIcRB4AZD8kX4kfiostEJqQ4UVg0a7ST9S4Tys8sTG9FnW1AZmBqJEWjDKj1cKK2mKBhHqWK+cPt8E6QJkiRpWhoc9nw799\/ZP3V690eKXrCDVTMAA\/jZ5PgmoABETpr6OE5zAf8m8uIn306NtXy9zpvVwQSSzJbxwhx+JOfhtXzvlSu0rea3xlA7eA25BOItCRMSa7QSs7aEpV2e8dHGu3LqCiFv3zCQas3XtnreeX4DrEP3IF5oYIrMfIEkbqTBo9gG6pAdcjmzv56MIY8pYirB7r7P6SBVi7\/vqPfLwhaf2wlzBjPnBpX4GJZyAyVqL13pMoKpcpfsgFIRwErMPwDNBs8Z0tvggK2Cfnpn8ein66bHhjQnTQscJTiQy1gpQrfISm11\/qvVwqeD9py7x+ylbRL\/osNRYqMkPfLcs7h7ITyfLvN2bJlltBMKAwRRdkh5L6jEF1eACFBMQxmHz+QU4k7JkzGDIzlY\/gGhXCEOp2QfQyfLPyVDIhGWnleSVU6+PZoJIBPZ9ONDiRQ+FLdPQ6B3css5qD4JlbWTvSLZasw+AFpLZ6cDeNNWhWfbunTLjz5mi8ZYq3DFh2us4wYmlb\/peAonQM4+\/5n6qxD+sB0sVtYsco8MLWJNjmDQHAeiqeN4SIXgPOHUSe6QZYUU\/q41AolMXPVE+1haVNPsFyC\/mbLeT4s3BTD4uEIxIEKK+jxCGlJx7pgdFEFXxdax7hz4vrHgbdisou9yJaub1luoP3Kz7DPuQMdvsWzHbaitgHOCFKhccG4u5MvP9CaSu8JCPHrX4ICsYUMXtQ5oI8LnJ+wmA9iUHgkTyFPPHUMytb2+2TVCLiBcY5jmeCmSpJ1o9V1YhZh4omKwe9XzG8rCN1UYgy7WgtwAe2ATOQSgZzDYAITu0db317CbYN717\/026L79Qs90XXhC46ZhtgyAMgQJqkJmMRaAjYI8csdpmFnXzZawKEFTzegDau2ia1VbALC\/aQRmPsI+b5AucP7mnxQdZQbcnL7XuKxngc5P3k+BMhKmk44dQmMGALrAs4eXhfm8+WKp46+Hz4\/YLa6Y0tAZBvCJmVcwICYER5g7rpY9TIdBsI5Bc41sGtIu1JT3W69VK6eO4Gpltlo2ksr233BrR03p2E+wdCNoL6wugfj+4cYXVNggM4U9djwbW93gw+wBaKH\/cYbXNLPBEkRpXYRpR6McZI6y2QXycrh2UvlgaupNhXqVnuu2bllp8kFWMKBzuoOtCJoIFSyJMVR0\/hIJiu+aFXZCAtc6Gf17KaHK53ne0reMXJjPdiwCFnqGgA2a18zKq28VlAjLAWh2tHI6a0hav9l4v1NZtXTVgxX0oiu9bI48hpZ6R6QkhYJb7aelMq20QKFREO0kOCbMPgFfCwU2rrLaZBQlNahahzlf4NaFkwgTEfieZdcMUEXh0oNDIbptTqtmL4HOT95OgKsLU2PFDKEbnjGYEq5IeHNb1sQutB0sV916YQ9W\/NrceBNcGVsppbvjwZX1tlhZ35\/X3PKTVMt1hTLAXO7x7Z+zeWSJO7ukL6MZvX7fOx7kVIuzBfG4TLbw9A\/kdoLAZBUomTKTDuu9iMvOGM7bewBuKmKwAEwd7nUTXhKIIEwoh+IFQeCisJrDYnHq8dafFB1nBp7VT84aAz9MW2\/yfAI0RpncdPzix7evk9XsEkgegc213DoBU8OR1p2gjKkoIPKfNAcBOAe2a+Lm+Ni4x5GyAwqpWBCFOrlKChUp7kiko6OwqwK+OvUmUEpiEomfH1\/1djxkrFzpGnxumiMErO5lQpgISikr1RZaQ5vXk3hPtmQSSG6Rnk5q6Tdi+SZbsxD+ZfJAV6ESVjvtKhG1TK1kykADvIkwfO35wYuNXd1gXDIOkfMqOzK4tKuTUfUk5kyUjyluDgBvNz9s36mtjl5FN\/48bxlvnmiBEACJQj\/YV8\/qCy\/Iv6IwKyAOOr+C+VfOsZ3aBdGD4uUEuZQZqd32fSYSJcHJh7LAiadBPS2ZYbTMLwtQjXTOiAKPZlOV6mHZQCsYN6pL9VTSGX5Tavgl+N2UgAT5GmIY5fnAimLk1GUQl+totiQ23UfBWnUK6Lykl6bLGi1qYqFf2PKI5wvHTPNeElI0kyG3wWSfHZjWS55vnSvkVghPNZ3Yh+HV3MST5yqFkxdZgbPwNIexqZj8ASiaUqQDDLR74Yfcu14wqTHhViAGX1YDZFxBhGvpxfYsPsoooufqCSDHT6zCEabrjBydWdU6+RxCIF0TDK8OzcEZF2yaXqyqFj9VppyCX0VK8rgmtDlaaWPd1Y+tcE8tG+3YgatHCQDKruQZ802w\/+T8xR1GWeZ9ccU5MsF1LJeKQ9G+b1\/r1mEKiY3sVO0t9\/ppfSMyv2hffD5ow\/P+ILiaUPqyfVND3ynPVgFd9v0HXvQOUHhQ4INI46JLlwts35tcp1CAMzGZfQFyr1i2drD79oKLFC1kB0bzmPSUC\/G7KQAJMR5hWOn5wYulbV1gXDAOZchCmqudnXT3e+aVr1K7vluuXDKG9MweBDKQQ4dr3ecs06hRBYU6h8SiuHWn3r12kZzWpXYtXuHkuNWGFds8ak5BpYa59m\/zSnVBYFQopUg3pyulGP+Sy2LMaI7tPYfsNsbdBa9s0tvpJBYT\/79vop3OGwu5djN4Q4fOuXBqAXBK\/BqqKhNV4wqFWInLx1evzXnmLHzKLVHNDwO+mDCTASoRpi+MHJxY2K2JdMAz4aCFMLE06vJA411kyDG7ra+tIbI9dyBwAPQjDy+lzcHitm649Yx9lnheGn7bN0W2ev\/SEmIOrWUxMQMpgCaEn6Yr57IKJDfyKheyVwu5bw9uHUUIGJnLZicY94oeDMDuEeQ\/4KKE1myhpyAORSNCTYdLTFfx7373Gm7kT3PsXfvStXzkk3tYnQLu6qKfvhMteKRgH5QIKJXGgnTvpE4sfMgtdfTKFahnwuykDCbAFYYqcdHJ+o4yMOMnAC5S6SKmkaTLx5kPnq77NHtIvNlFME2AvcXDbhpgLjMsnD2ZzBeqJj947la8MKB\/CE9mL1iksmhVnz95N\/f1VmPtPPErEqheOOS9jo0yg4YdPVwp9HhckNIQMTOZ9RQH3Llq3aPdeLFYNw+X5\/oq3fyYrLURAoNnWBfKcQyRgMXkiK0gl0Qr8bspAAuxOSZjmNUgtl7MkIsxKSc6GN56h9qX5SUjCljcCSYwieyuXpzPM4bL34CURbJssIE72TnvmTbKeGzxX+LjAfduGXwve7IQNDdKZhdL7aVLomJihM23NULudheI6UQyUyKM9ERp59y41cMP8CU3I+9i7cKrVX+PrfRshyzsqd5htXWD2JwIaA+4nb9xu8UVm8eUt0ZUQ8LspAwmghck8GIp5T6XmjUxKYYSpbaXwqm\/J0KxsIT0OQW0SiUVYBpgDQH6HILnih1gq6kBD4\/jiYb4TqZDri4wyI2h3wloPBWcSQfN0BkplqUluBX3tSQNj\/bx4lb9kDXO4dYFweujHGSOt+4qCjHu3FR02MqKQY+8jT0a8G7FlHR7xY86oH2W3D4cUURvV5zmLLzKLAVWjZy2C300ZSISUhOnbh1MLtCKPN8L06s1nWA8VBW8+WFBr8SB8tgiKA1Szc4Vvs+8QwvPBrAiufb\/SU4DhX2e2D1bpI9DO\/J2oXPY1fF3ZT5FS6\/AP263nJlKVomr6Pn477M16z+vzXTMrWYb4+iOkhGhAmz\/7QPdDfFC5fOnRrvqr3lytmlhPpy0z+wHsR\/iAkLMB2j7sY+vekoF7F4953pW+9ykNQ8PuSbjCfcXeR8CTBJDZlahbiPdLgCcJbFwaWYCrFo7J7A1\/2ubX7s1Om1MqlTLgd1MGEuGoChMGS4TpiWKZC8VoXt4veSKlK4PkuwnFV\/ZDeDgOuQICJawbcu2bJFAQQl1u\/i57miCtaFnHem6JNBatoJDLVkMp0CAdPvCTzopKP1LSVFTiQq5ZCqEM0m8\/HwoNNkwEiUGSGKwgmdcEJpnvAwddoqVFqSMU5qcodiahjcunq\/YvXmHxRmah85s7ntuFP5QwSbTmXXkypx5vXSu\/bq9TLde9U80e3F37zO3esl6\/6BVja1qDIYW4XLPAxlmvxQaJJInm77LudzJrukPs9tWL1IzPu+h6Rt1rl7aeGUgVCP++74jZvFxuQGK0JTUZAXS9b8p4x+JtjUYUpYoUJnPdH9mCIPZppAbreWv0L7Dr3vH4\/+ChMmrOED8I0nVNAJHAhbRm3Rzvg2odmgfy5tAKmTWzxvvP6\/CxBCJMnNen2YOq04tXWXyRFaDRixp5e1SFae4Tqe2ZRD0OzAT8UdC+aXH10OX+Vz4IqTj+3cxW1mCIlg17kPWbt5wScg0mKmD9myNUgmUYNOTdRvoeKMFC8hXzmQGazGCNokevOlu3dfnmkWQFIlyE2CfJvS6oFwj\/FkdXssKa\/YgwkbMBj\/ko1SpcMO9dlquJhGnNzHH6ffR2vI9B55ysc89Lf9SWgsLcvEQlThG3pmUzKg92qX+xdk17646zdW4R7aZW5TzV8b58WsHVscnlFv+EYfjF9h7XhblPpBbThDDtMQ+GIVVtHgMjdX+61k1efduFts8XUy\/dk1M7uzYuc4bu67OXqM+LJ0RfazBEK0flcPM3yYAKuTfXxTXTuLSA5KuDPn+qvA6HSFSfCCAULPcIjCNbD+QSJgBtmPSlUwAIH8fjmuDAB4ud5t+7Y7lITVto1fCeWS6Bw73LNUWAEwnT1nlTdHVEsx8BiS3JWEW0cKLQFiAe+T2aZXiNv1rmTOuDaoIqhR0SVBUM4qtSiT01BClq8\/akpBqf39Bfy6cCQp95WL4i5kNlBuXyZqTwInTcHIwFg0qF5lpAi0f5SUmu6BI47CBo1czjMqvNrHCl9YyJgNc4X1nIpZIHUDL\/NvZPEsrhEiZxSzJ988YW+I\/2OUyb+IXat\/xbrcrfPvwTbR9LFCYP8Ae8\/\/JTQ68Z9d4F7J+m9HpPtwlLLsOMBX3yxm16vNtWym0JThh0zdtHk3+0o6rH5z1zoSUDCaBV49sdPziRigeEAD85HjRZpqIwdH6miOrk7Z30dP7UJXrZF2Oq\/dutwQgDqY2hqb3fjxVqpliyeV4YRLMkVTaiIqjNCtt0oyHct3KO1TYIhOmJ63yVNep9sw+Axm\/P\/Mlx7XaM8o3RLsIdavEzldX8R+5wJmHBv1LedZhvHhRVmJjpJG1baHDgDyvVr4d\/iSVVqVU4h14mAgJOzZJDJqIk8fmifB7r3lxI0QNiO8K02vGDE0vf8HNppwKs3zxkgyui1bhl7UvdUoSvRmH7ZdW+yK8\/e+RXX2tnhkiEgermEJb9UR39SFkzeX8isCzMTBQrG3AKKUNhuRt0hp\/vV1ttg6B6XpPbLtT9INhmHwA3ogPrl8TaoFqfP8DfX3L\/eH\/g+4aq26woAtF2bu2bY+0R4KdL59O\/7d+51LoegKIIE0v+Z2\/ww+79JbYdto5GEm3s1vULNC908Jb45h5SQOYnEnTWSl\/5CB73PrYmT5noVz2aIg1+N2UgAVYjTDMdPzixsmN0r3EBRc14yLKOSoKmELW88XStRjUFyAWWa1BiX7UMbF7QUZ\/\/8j3FVef65fX\/XYZZF2QJJcGHqYD9Vdt0o2WYpzTeFpSzMdsGgQNuRvjCZKsPv5+N6jdvCcv5MCFfcvKmS5po9j2Sd52P0PalvfSGn2VxsKyOXBM1ucyqriU1wI4WRZhQ1oxo7zsju\/a6AOdXaM6E7ponKHRm9mOC53wwIFDPljzR4i0Tfe9PnhQIrOxYypKBBJiJMEWufrG293+tCyaDJIIHnRsWsR4MoK7ki2IKTCKgnoYwAJqD4gKCAz1T8kzV+NbC+v8uW5QLosnb8FEr6\/mSgeywqHghl7oe6Mhdj8bmDfcbo6asBNaFuRWJgkX6YcPPu2Iml4ocrqA8wvrF0ZdloVwTpcE7tSjbqrQNzmwHENAoM3abq85O36seCXWc5bmgQZ0f0HzR7eloNiG0iMIXUZZ5UQ238LspAwkwEmHq4\/jBiY2Db7cumAxxDq8hPnqdavr2JCIx2WMRVUq6MNpTqlOqagQhiey3LvnYGhQXWKaQW+9pjynFq8LlVuSCVNnITNphKplLiRqXlhCIL92Uq8LjbXgHnzznq+7DvuySP0Gy02KaEP\/IB4v\/W\/\/mFyKIbyeRxsvH9IsTaGbVLk\/6e01y2pntALMhFQ\/N+w0CHpje18\/YGjarYm9jPPbs2BQz0vaoF92xWrTGUYJRP3k8WigG\/G7KQAL0QZjed\/zgxNbJFa0LRkH19Jzb71dwh7B3v\/UcXRXcbBeEFAMQSELGqP5euLqQLFH6ObDbLwWDfcY81wQGXihKAhUTLEEkIC5sFqVqICT1nVyg4rosk8LyAIrndjA9Mup27FdouiRDbbCeE2DPhtG47aXx12xYwC+FCrliu4BEOCfyUJ\/4gv8RoI4ViiCzDyAVRb4Z9n6ML3SRB0d\/LogwvVv2HIu\/TESd8eB3UwYS4H2E6UXHD07sWlgrYZGzMDAoPGjTa\/9lPRgYWC55Lj7sLXfnyhCm52+\/SL98V14FE+JASp472cOtnOYv+6IU65KZY1LxvNZ9JQNLrQ0L\/P2IqwAA+H5eW\/17MFWZCQypyyYN0eeRONPsA4iNbcfIjKUakKhnqephBkxCG6YMsa5Jzr\/5I\/0IZpcRHIg\/4arX6lntwcKmtWLKIlemJ4BLFR+7A3vSVNdW16fM9JKnEXSsld\/iLxNRkqvA5\/C7KQMJ8CLCVMPxQygmlAhf14cBTRQPWr2wWwnR52FbLeuCCCWgABhEchOXZigIyRS6rv0LsQJiUo0vUe0gAeU89cY+E8F2tS46XocR4DRqOt4KcP6EfphqM7Sg9gXH+HFWXl\/mzJKBEtowrBm3xxux2aJXnhNjeS2YHUgKE2wHUcjavOb95+dQvxzwo15NARRQzIzlGc+39YuOugA3+df5d\/fcibot5Mp3KJDQkzE9XrB4Y8g1yQ2sUiDvXu9+Oz6fPBA1ijDB5ybvJ0ENhOkaxw+h+KZ8LuvCydAt3d+LpQaVtc2H0xUFI\/hLtUn\/woLyBXzPZja0yfLiiRf14gaV9FeMpJay\/8Dibp5vwt8X\/KBGn\/tv654SgUH+6Jkq+jph2jAfJfReBnI5p7JU6\/KEH\/m6f8ciR\/sMsIzC\/ibEfua3gxmFmV2KBMjUyFEOtX26FtLloR8EHyu5f5Pw8McT3GwjEPehVdNHOh1aOz93WVKBomrJfYWiB6HSp9mHiWnlclm8nwTXIEw5HT+EYvajqSXzA2T8ESHoGmKhHhphxsPPS\/oRBQT2krgB0l\/d+Ep\/ZiqvKrlzxLRUrg2x6Y0uCeVXvPSwdU+J8HGpXLEAQXNpZl4DRQrkKurc8+pcsbKgZmYm9lvU1Q0eIx87mkOyKzFjsIQ6tOc7\/eFwzWquvOm9rjgn5lDs8lbwVewZ75lZl2fkOXauGqjvC8fisAJvQJaIP36\/VnV9\/lqLJ4JgyYdKm2SSVFInLunzivk0ej9YSNukzDZh0BUFHeMVBHxu8n4S5OTzjkAdcvzoxJJXw3MeJII4O+IeYj4c+KJCtP0ITpzYiiAYJT5JZHH144aJljFW9hKi2n68YEYOPjPIkOrizETBJRluR3xhmZ3GXxLNFWX02aep72b52jXTcRZvd9xz4gs7XxerQj676rUZ\/Zx5qnf\/\/v7OjCny47eOaGOtWTA7ERBkfA0JiORvyd8Q3BOumuB7uvsuUPEfJ4SL67I8C1v+JQJ2O4oYQHhEtH30aosfjiaiLPPgc5P3E4BqbjlEmJY6TnBiXR+\/EniqkKjb5iF2AOJMqCJotjPR0JvOZwzwDbDxRtcSsaJhrOFXjn8oY\/AGXeN7MKQnx3+rtJ\/7G4NjUJuHARihgfzlUAYTUWgNWtmqrnVPLvRId25ljxMslsYXnfRYEEIWXKL6TKrUd51bxPr58Eq\/GgeEoGf0UzFWnBriw4LzqCvoUYAQEdjIHhAiLByhEk2aqP4\/vOyMWL\/xSWWK+8qS9HKgEHsw3jv3lmy5jfobTSTaQ2jz0tmqxV3nq3ZJit5lN6IIE3xu8n4CkNQ+JkwDHSc4kUqK5CAkriVRmRlKcLqyx+AyP+iO3FpR8dQ1J6s3q\/thCxBfa5Y0+HRBUvIRQcHuwm+U4dTnLpyq7Va358qhNi7y6yshPCxJ8E5AmRHsg9TKLI2Y7fgSQwsfK2vdnwl9DW\/SJzRBX8NbRqWtGaKNkgh63DW82QgnWoRXAhvlGhi88UWTZCTcH46gOuI3vR886Pu\/Ui89CYxPeFT4z95fR7QSmcvsA+MLiQcJRE1aiEogpDG+\/VyM4v4SjAhnnp97l5kTrSC1a8d3a62VK7F+vP7ZX3GPLI319Zf20sLGDCdRzrTB9lbB2\/eSE9Hkg6ONKMIEn5u8nwBM4zFhetlxQijGFk5tIw46paukQafnwmObPnymiBpQOZ9f37ZmQf138He8xunjjfuuVT98vyY2kBAxQdUu+oeOTA0yF7Ro0Ie6Mp9E\/5KQXrwChGCSN2tcrx1Kg8wGca3xj0VLDy1J6lGSTOj+ZhzDUfCLQEcqWshSU2jvju\/V2Kcyiq5R2oZ+KPbGHlHsRBDeBF2frBh7p2g3Earta3xvChcd3JOm74fypLQhNIS\/WWqhpFjyXLXYOJHbnf7Ewx7iOfA8qVU0Y+\/KdXs0rqGWTBikgwQTEXswoo8fuPxUvVx\/5NJjrPH\/PdD9yUusMQsC\/jZ5PgkoixgTpoqOE0KRGY1eUHnQ5eFC1gNGReNb\/ZgmgJtMo5vP17WU8G6+M93aDwhq4+tJgWIGHHcc7oMvL8Wj5bzql5ygfd4o6lUpv69x5DhRsg3+m0+1rnaNDqG42+v785zhMTvms+LNIdcg1zjOrvi5VSKMO90jhGjWJ68\/T18DJ9byeeKvgRYPppN+SLOMfY16T5W858HRE88IuWfBvRcer12meHY+Os3uKqI9IHgm\/PWkvEsQxF5xTbSd96Ub2QE5KLg3rovnCI6l+NlhRDavy9\/EPyGsPCuhMnycmpcrqgWI62MrpNYvueibXee2Ox5tJPOsgL9Nnk8CCnbFhKmQ44RQLHg+sWSHQZQQ75d3V2GPhuI6WPDuQDQoQtX0zv+oto0vV0\/f8C\/NpPIbFdtfKXmydmmR+2D5hEEyyAwwGMszQu0rBSJDATmy+yUIfnMBdyiT4Wp494LNh3D0oJAAKqpzfbMfNKEITDD0gLbk05NzcBuilhLHTQYHmAJqedemLA2BerQhcQp2O4zKCA\/qZekPj+znC\/rRxNIHQkD++KAXN4KPA+4j+fwQCfO6wevzfMzYqNxpyx76vbvOdYzv0UfvOok9K+Bvk+eTgIC1mDAd42Gf4yQnMuPwCuqnh2A\/kw35x9m0vvNoYV1ZECEK\/ta2UVF9\/O26F6h2zxfXS0WXwZUZhDTOZpQogsfXF4YTH8HMAualnyCzCjjG9aPMeDAhgmjeqwkEAdcs+uW6PEdYGEMyBK+JB4r5uwmuzQeBNiSyxL7IvbiujwB3rl3QHtffAclqNaXo4IrcENvvC1O6QE1ynOjEjln3OpkzGfgyIkwoANoHNDifta2qZo7uoOZP7a0mfN5SffhK6dhvg7o8pGaP76rmTOimCwebhj3OnTjwZTVvck81Y1Rb9VmbKrHfer51h5o27D3d74J361n+Y0SaznuwjNaeoTYn+nRMTn8\/SC68RU\/dozZ0e1V7TsysUNJ6HsGMssV0bu9NPd9Sy5s\/4ExgP\/7Cc9Tsaterla88qtZ3bKY29XpbXxM3nLm1boxUBCAVTCx2nlpQ9w615t2GauMnrfW1Vr\/1lFrw6J1xtX+zE5OvzK\/mP3ybdota0uheNad6aeudC5j1ujS41B\/DVtergZ0fVCN7NVSj+zZWgz+sqz5uXcYSguxCwoLRHl\/D3ybPJ8AkkaGgMLV2nBiKydelFnEKxBMCdPHWrV1aXquWz\/Hd7oN0aP8eNaLXM2rNQl8bFqSdm5er3u\/erV8KL\/7ngHVfaOG0Tz0Ba6V++\/Vw3HHyb4v6F89qahmZtH\/1fI+5b9JJ\/E3aOb5\/nJ0JD2tCwE0iX\/i3lUrpZIwwFqHkoskKIzzatw\/voRY9UUFXQNw2+EPd9\/oOTbWxOVmIOdDXe76GDk1PRrtnjdZawymlCqo17z+rc7SnTR6kNvdro12BXBXb+cDQhg8M5xOuwYeIDwTvLYz2zJ2oI3qxvdGP3lN6y7wxnz2vvl8z2zw9Rj9sX6cmD26tpgx5Uy2e\/rlaNX+U\/jCO79\/ME8AbLCGJioFlw31B4WuT15OgtXIIU1nHiaGY91TidacLbKhZPyNMbSvm1i8IQs2L5RzrPtbzIONhkMQIi31k7+bp+tietM2q7\/sVvfN8LRmlX\/gdW1AwkSTq7J2rB2snTbwgRDWMsKTN9nMN4CWAfx6ZjiRATojwcJwzSUiJmhwKeiis7eh7cfv33z12\/9hhENyfd\/gqeX0OVf22ztLPucnrj3vCi5x7Ri2O+jwRHVi3WE27OXyvyqz68w5fdQ1hg6Jf7Dq8G65HxQrU1GQ3Ska4ITHLSP\/Mnr\/s2mKeFkc8I9HEmBO0Sn7dSO15IbR\/9QLtGf9FmQvV9lW+oRji2TEA8+4IL8F+SMGARERo+9dD37YEJQoG\/\/cc6\/0J4GuT15OATDaWMJ3u4YjjZCfW9rRzpEUBG2GE6Yni\/1BLJ\/lGVuwmQeOelIchtXDQZR+PAYQLalfXdweCaYIJ9nGlEYEynVgl+Ozrl+uoDfO\/1v83vaHFdYhgOYy9clzC3vmi8xzsC8Z2bKGPmfFFCIsQ9h0SXpruQyYweGK0xR7Dx4OqGRS2RuDw69N9LZluvU\/8BckAK7R\/55J016V4rwUTayY9kR6UeEQ\/MwZrQtrXTm2U\/p6O6A+C+CMe3uv73uEbSNIZPC5I1EmuQe4P1yHTgVZAMKAk+MSDXErLIGiMdWi7kZW1pwQfALz7yT+uM+Mu\/zRmZ\/v0g0qWsCTD0ATJ+9f2KG3xegIgL6crU5iA98NiRwMnds6tHrlYdBBN01Mmo3V6rswFMeOlmSAeQ6OZZFKSmkwf1Fb3sWLqcP03M1bwPBjC9FKWAL99W9aqKoUyQsnxW4OJ5DzciJjpggKK2w5G4CPeslFijsi6JCm8mIlM\/zgqFpLKOXgsBo95YBSYjPAD6\/cACB8RjwWWfXHv01vfb\/nKT9rIrOvyoUuM4pbHBM8vK4D9axaqkd41mhTIMEDzoQqLlE0GxoX3DWEoT\/aBCQOzHsL+y6H9qvvrN1vCkgwjc7v5Fn6Gr01eTwC+RjH5MYWpnaNBKL65J\/WNbNB4C1pW8L2WIdMZNAiWKtCisQNUq8rn6baEFYhBNFGFQOrG4tWMAbJ7vau1nQebhzCIy9k1o+11MfeXcS0ejD2HBDxK+DyZZM22JuYPulozghTzEqIUjqsWFLMVubyhhZ93VGPzxX9R57d4QP+GB4OrkDUzObkvWEIx0\/KVZ9Zc9FUZ61wBwZbQuumjtK8eKniek+LUGGYhVgyucjvMViyV09YMC\/UVRHjx4jePA97P9\/M+0DOdX1zNnl1ZtkJpG1apfm3utQQlGbo0CvcYh59NHk8CfMxChSmlfdPSN5J735oY7G0+xRYi\/+KWArHsMF+eQKrrdW54nWr73OUxTwhSCkNhmX+ACOLITn68TKNLfQ8FjLKaiBHylodmOyCDt2R0PzU0kNxR8olLKiwo0Rebr7DkaECoF4\/7XDOnuDXhKmQyKB8IaFKPt9V7BY+Pe49fFTk75nHgCnHAHzDouxckXISoGGK2kaywa7+doJoX9q+HnatcupH71pwZqwGE0myPG1PgKnp5lsxfT0BMF\/vXILkik3kmnvuZ0skjal3o+Wh47kf42eTxJIjtl4ApTCd5OOho5ERmw9jFwo6fHv9KfgIozAuZr\/mO9UtiL+WVe\/3Z6fFSOXU7Zg+zjUCyhPZve59uiyZRvCC+mztF\/xaWQ08EYPgd8VGf2F0I5aAPycdteqsHIXE75AsnY5DMzJJKS9+\/sXeQEIVBNTLC0PW1TztFfdbQj5Nij2Rei+WbKEzGdnlFv18qW7xw+0U6b6AmR5AhKwPdxttTBu1KGLnFyPxhg8r6HJQF5nXxy4OGt2mq3aagsDTIQbBfE+XQ+O5vxCKCzdUG9wstHPuZ90ENd0lLBMI3TH4UpBimjpycpMKECXgnjHI0DMXU2912hETAui4zU7X03HiSjsr1lQXQ5rVz4l5MjUsyggQZDLONQDIT9Xr7rljb10v6oc6St9yMEwI6j9tvv6pdy+dYzwBwi6GPjHwUduYfH8W14gQmebjwsTppDOCj0uGxu3RbHGHNdmG5J8i0KkXZNn7b2monpXWYRdCe3hLwipBwf9cqQGZws5IFYIbiAyRVGV1p0qQ+Fq5EuEmJLyFlacxzgxAhZB8rlenZo5ofFym1uvzbIZaQRMWXZdwhNPCxydtJQAxJnOy4hKmBo2Eolr5VwrqxZJDqGKD5jf\/W\/7Z\/1M+VbSoiBOwrdu\/aGPdiWlbMGZvVwtL3An\/DqtQXnWrH2nZ8pohmNBFiGNBsJ+Hkm3q\/bT0DYIbABy8RgwL2CdCyLzrFuTXhSY\/\/HIRmy1wSSX7zrQM7xV0X9yZx8nWVvpEZbVzDytr7AOANQUZVfOQg1NGEnMc9r7fvgvYumuaMKn6yQMYsjILFvK4kV6l\/TU49pj2f90v4JIoORnEDzR7ysWp08+l6L4tDLmTmzOD9sBzGDvlx61ssQYmC4UUzCrEFAR+bvJ0EDVQEYcrnaBiKbVMrpewNIQkS9TKt2PHqjtwZSendy5ZiOscdtoXgi3m9Rr5YltOwPN6A6uzQqN6N4tqT7F1KXLqy5kiiE4yY5jMInvEYrM4VZ+rzXNUpgMwUwTglQBowvLO3rvBtLigLgu1IFClqfrkHll\/46YVlGgKSF31GufgPXYv0MJhZgz7Uv7uSYorGdEO3V+LaYjSe09t\/j74gxi\/HWVHoPqePUO3TlUw4G\/sKoiPO+wSSmemLD2qp19NTvklyf0I+zPMJ6YAw9nZodqUlLImg0yO4eNU7Bh+bvJ0ErM8TCxNISyHLK\/imQupaPRhJlnpPXOUnEYSx2Ry77A4UR4a6vXpj7OW0vCdnLPzctFUFITaioJGP6hpkj5XBNmcFIHnopPiYCy09Bq14Pq\/NVyKYfQBZPpkZfJqlL3clr55rVkapoaun79utJlyaUzvc0ka+3i4mZckITb81Pje8LEtlFWBG7gIUMWIwDaYeW9A8Q3PoKm8qJTNXv\/20Pv\/x9PGVImdEO5ttANpKKiN2eqmUeu+Ji3SbWPKXwwdsXvD+jmWLGvSqJTCJEJZ8Ev41eToJZiqH3FgHgHfyc44OQrH6w4ww66iQqnigybXx+xdq1povnUAzqF\/bDHVok1vPjC0lXMXLBNiroAVTe8favv\/kxTr8AnKXlymmgwph4kSuPG8XOE5\/EHSpTI9Q75r9yAxHQpdgWxxcmaGF4TDScj5GYD\/ocYD+VzxCCGfHWMy7krgl1zIPYzW0rm2TuOuxIqhyXg41Kt3YLNoy7FMk6eR62NjEICp7J+5z4Mt19TE+PCxnOU\/fY\/oHgCUjSg3cjGgjRdOoZwW5loWAd49Hi4xLvatP1GEbELMW57D8ZF+FdpDZVJK3rJg7zBKYRAhL2A\/\/mjydBHydLbmxDoC0FJd6uxbUVOMustfYiYCKXOJ6ql\/g\/ysZg3B7MV+6MGSwWDA1myZ+4nsbuFS1AtECbVjxTawt9XJliehaWi4a4m+0zRItJsRutus7fxNtLn+AJEuZU8P2tq+cO2MfArPIuUE6uHuXdo5FqEnGz\/Uk+talOCE8nNkMIzM+gsHrUTyt38uP6rYsjVmesdkPEkvITYM6q3Hn+\/6X7NGYxbs+XSmWAzBIaPZEW4lfIW3wOGd8365ZWh93LSkBgrtry8rYuLx419k6\/gpCaNZMfjrm9RKktfPGxymUomBocdvzAb6Ff02eTgJriQesAwKvwdeOTkIx\/9nEAVcuBKviYTdqeucl+kW5NEWitsW7XF7OA5cdGzO8upYeQTAgP\/24Lda2VZXcGZo0x0BLEnmY2LzvIHrk8Y2aomJ3ZYiVWRXvcrM9bQliDBKRrwQMElxX\/9rcek8phdAkR5x8eFz3Dvz3dUQngZlV8erY9RBelDbieQLxfzRpBBI+e1NBHQPGDChtiP2ScdJjlc\/f4zKDBCOacROael1GUnxcxwhkhJjJzHtEywltXjs3Ni5PXnuy3kduW+WbJISIniYIFPU+an7qHZvCkgg6vZdjvwTfmrycBPihWfICrAMCr9Fjjo5CsXlceefNJgIqXhmgKgV9KzuEjcR88aIWXTlvROwFkUNA7BlhRleBbKzxVKctEbtSBNllH5LaqoQxmPcdBPFO3L8s1Vx1h\/AIgL65xc5QKvYuGOXbL7vpZRGRsvJeYMgu3nsKtrnTa1OzCCYOf58mWYZMaB9Bb+l1xFuCSrZYKbGJKxTLasLW65Y8K2McvGUgof3B6zHLED5DmmVZTQhQgZP+eebArmrQ3fGZqwhqFJcr1\/5M6vmuXzo5NqZNbvOrBBIdjY2MXBQvlS+WIcjeR\/e5W85Q7VJI7QX6PuCofOHxK3xr8nISoH605AVYBwReo1M9\/OToLBQzqkVL1yVgDQ9j8JJQifKvv1w64sy3hl\/Xri2r9MvBaFf9Ej+rayKDrUA0XP3a+XuuR688QS0c3U8fYxYyz5cso8lSIktOQGrJQqY\/IRA7F+EOwbYUGJvf401tD+ILTj+orz\/Je4L62JvxhoSU05QZXQywifKts\/EXgyhhHd0u9U0RMeHxZgEif1GdE9JvXssF7uuN9L2i9IN7lRlAiHJGPERchd4WDblR\/7Z6wRhdIYW6XG1r5NMzsfTL\/1+vmU8vy9nnEmltCkoUDL7RtofCryYPJwHygG3BkhdgHQjCa\/ixo8NQbPjiVuuGkwEnyuDgiq+by+7DxhftW6cWV6u3H7lAf7Eg11fPhNhsxvdvrl\/uvRdm5N5eMvwu63yWhYQ0mPdrArsR982sArl85MRjmuA52hATxd6CPY0Q+6L2RU+zGNIFmdHJtyDPQCiHeV0BAk4uQOjQ1u\/UqNqldcg6hegm3XSRmnn3FToWyrxOMiCAmAaoliHh8EG0vuA4VbvoKfq6rvI94r60dGzfOMGklle9Yser524+Xb3\/VLQsrYnQ4YViTudW+NXk4SRgQ2vJicA6EITX+GpHhwkxpYz9BUgEwqqDwiQ2Blf5FTzJof7tqqmXK+dOWmw4iJXjH9bnLvi6jw5lr5W+THIVPl4yorzf75i+1v26gPF32qf4PCq1amI9qz\/2CxDRtcRDBYUINa9Ur4hasgaBE\/cevA38xPhHQh1IATYrHWvlnQdRxODH6b6fHfRL2lYdGWteKytoXeY\/eskKuYpjizCN6dIqjgcENb0PXueQMkSpwJXzAT41eTcCrlYOORFYB0x4HSxydBqKNd39FMSpgIrkvDxSSEnVBVdObDG+jh\/QwluLnxZL1RUl9IBlI\/uHzevm6dwR4q3uMvYSfwSRf9tV6zUIom0HtKyr03RBrplJhEmI\/Hh4cYvvmXgebOrzjtV\/GJgVJNASRYWo5tEIurytBShqZJaCtGraW9JyTygrUq3ZG4aBd52nujW+OcOr3qExJVMuhDcHmkJZ6ptocMUJqksDd6G8KBh8o+1CBJ+avJsEhF5b8hGEdcCE10kdR8fhWFxbTS5thzwnAllr7vC+tDvXLVM+ub+y2J+ghdM+85YPx2o3fMhla3GBuCDUvq9UzaP6Nn9ItzUD+wD2HrG1EC2bKD\/DtvR4IkgLpmlk\/MIPTSBrKktN3GfMOrxSpYNwcLP\/RJDqIoCN\/k87fW8J00HUBB7sWxd9pJUXEoclGsctn3eI5cHILL666izV8807YikFUL27PMCBLIGhwS\/XtQRJcE\/+HKrTs0UtQUkG8oqPPDd+iQd\/wqcW7yZGHeWQjyCsAya8Tv7pYauj81CkOjuhLWqVvv\/BIo6Nx3zpPhPgm\/WL2r5pmapZxDe4+tX\/EpeUEYhW7ZW7CwfsNM2s8\/xrXaW\/8tDCendZ9wz6XXi670HhwWVojgJdAjM913ewOHNUoGWT\/cb21X7eCtfs6EJQqPESkZANckKY14mKYZedoRl4eAfftEBskkuZFAS+iyy3f96+UdeSCuYcDKL1bWdZwpIMn9Wyi0FnYlaC\/\/+pHPIRhHXABa+j5o4LJEQqeye0SWQnhZIpE7DUk\/vhrZo36PNdlcdxkHSV55RwcmrDZlQOLGedJ4iVO3mjvnXP2H2eKJkey+QJU1jtpUTAmCwe05unfpWyaUEgBdzE+dX00g7mOk8EVNV6CRqh4LMLpLHu6s0eL1fOFTM7sM81r2OCd4fC5zdv1cAqgHeLE3AwVyB4\/PLjLWFJBtNQq\/dKqc9KzZVDLkxYB1zwOjszLYW8emBd35uslx2GFwsdqw2VULCIsuWX9UWGY6QEqW1f2ts6R5dT2b\/DOk7cTLAtnujmOUHgNc5S6JcftsUy6wg65\/unGv\/Ra7oflncwotk+CmT224OntnGNqJAi3OQdFwrGEbFsJrgSxYp5\/SCwV0EoI0glbV4nEYZfcoYWJBi4Qen\/pO\/hjuh9rnkdF8QPcvWbT8b6JK9gsFrkC9ecYglLInz8pF27Fr40eTUJ4Hs8mS25MGEdCIPXYVvHhRJieuXwlEpBPFfMDwsIOopSVcEVWMbaO0guB0ox0FqGXE84g8nrXdG57DfIRiR\/x5wqb4hPXEgmU\/G+MPM\/pAq5RthyMhnI6Aqzkcm294v+vpIlG8snEqcI8ezBZ3NBAilJg2aGyYdheJEMQSI5aItyvteDy\/geBrz2IdKdBftul55vHWCHMgUmEQbdGp\/GG340eTQC8GOz5MEF60AYvE5zpaUQhQu+H1NejT7XfvlB4LaC35cUBSP2nwEnsjaR2lrIjMkBkjbLlVeB4mhCLvW7P\/Md0TFQaAnpi8QdPRoWUyPyZ8wchHJP6eU7lJL3AB85NtNmDA7AaxyNHll\/CLNAfR50iF05nr2t0skizfcTFeKl7XLFgZZOHBz7P1UtgpmXTMje0oyjcgFlA3skYeBX78uriyLo0qPekhFFErOTy+0J1bj\/7lrEDNvkCQz2j2Gf4MZnrzrREpZE0LkeAhVVqFELP5o8mgTwey7lkAcXrAOJ4HX8ruOCCTHvmfDwBSCVHt5\/8BblItfSRDbKqHjN38R2ATndhDxhFWIZZ\/7OnswkEloyQN2eulQLFGt67vmh4qfHjKZCiexMQUJIWaKyOUddDW38+DXr\/UQFTIcBlfuiEgi5MZg58fKgBA\/HsUmJxo+9mjVzpwOlCEZWiHx55rUEg27PpToYtZWalvVdk8SZVshlZxJvfqG9G1fqMJPgNTCKlzuP7K+pqcZND3H40OTNCHhHOeQgDNaBRPA6Pystxb0TqWbHXXK6NRACclPLNE71hC\/fekYNePXxWLkVV7osWV+7HGLZfAu5bFXiwMqS0k41VVzH66AV4x64lzerx6djpijb8ItO1w6j3PN9F\/9DG4\/3bPMTQCYSJjyoeze9X2dYkqxKfBAk+WUyP8BkkJAOeZ+ATbwUmgP49G1aTDgOXhdrrCQuAn9\/ecSZq29krlN1vm6TgUHr2gVi16L6xdd9\/YQ0LmFCMQJRvqdbw6qq52X2shLXqg8quqtNhoGZckTejFUE\/JdiymMAn5+lHHIQButAMngXeNNx4YRY3TVxvBMVHIIMAAa\/7XuJu7LoSMFn7Dbmb8EQBteaHeaBSVzGWgkvJ6yDe6BEzTuP2TV4O3tLiE6X+RGvcr+x\/ZNjmSfps3D\/kfMfLnFGzDkW2r1qfpbtO4Ak+ziYPoBDqPcv1eU5jspZ7peELpKE07VvFEgYejDIkNrD3dJzhLtRXD1+dcYHUhxdXe9bVhGjOr6knirgl\/wJglmp1ZUnxeWljwLq3Ab7gf9MnoyAN5WD\/xPBOpAM3kX+7WGH4+IJMaOqOzBLgEWfkiUYcBl0Wfa5kpSIVs4vUhz\/G8wBif3HtTcg7THhz+ZxqX07olMj1aJCTtWmYfjSouPzxVTv0mdpRQRMIzNpIkfXDlefq8uviF2I\/Q3G47FdWqnRpcKz5mQXep93YsyGQ2CkLPlcMVGAZC3Qqtb1teGTInTRGLu4al0rv6pT4h\/qxTsv1X04HV2\/8sd47phPVM+6hdXQYoGZ6fR\/qb7e+01UGM+Fjo0vj5uV4DuTFyMA\/ia5iMX\/iWAdiALvQvUcN5AQW6dUUmMKRFP9EnYgOe1cswsgN7h5DJCHAdceyUcXrG0rYI+yZFhZ67iEXQztXs8apDD0rZJPM6ds+hMJk+QKR+lyL6EVT96jVk4boQ7+uFOnIiaf+Pefvq++Lm37kkUFVT12jR+g\/Qqp4mHarpi5RN38wUNl0t\/xOuueASmaoY0jP7YqOEbB87f\/R+\/TIIy3Zv\/axYt3FoiYZV9KbjtKZZr9RUHv8hkaZPgNvjN5MQLqKQffJ4N1IAq8ix3nYYHjJhJi+fvhZVmCYCNdPj+X8v3YXPYmFySilnAICU9IpgoOQvJMfPLGbdYghaFNo6KaMcUVypWYRcI\/pt9WNPaMi5vK5vuIVkbg2SFE\/BHJV8inQFWMSSXCw0AmFMml5j1wi65+seY9f2kcpG1DPrIEin0Ifn0UiZPZiTze5n1LvFEwQjkVkFZAQtDdwYHFtKvR2sUTrLaZQRdvJTH4vIznhN9MHowA+PpY5eD7ZLAORIV3wZscN5IUMyPEPMnSSULBXQPtgqTmQnHQs4nPrK4kJWFgQ\/7zwZ+sQUqEDxoU0fcaC1J0JDiRfRz1mXg+FAVt7i6qjyFMfipg\/2NAyL5VfubIEbXtq+5WmMTKlx+xz1V+chkibcWh1RUuL6Ev4iyMetq8bwBtXDnDeu4oaHjjv2N59kjNbPYN0MwGI22zgu5lMnxC4TOT9yLiJuXg9yiwDqQC78IDHDeTEDtmVFXjioRr9wC1WhloCj5DpntMGCj\/AnWsd6d6+R4\/JNrlbuRGCf2V3LJ+vjVIiUC8DV94IZefoChMxCgrmZnevf+mWPh4cA9HLBc2LvZwxClJNfSg7x5hGJsn+t4gpAPjo4HQ4riLNzb9SP48V1JJlnvcw8j2eMoop2OxLMO+W\/619dxR0KD0qar7s9V0H2EfNZaYe9I2WW1TxYf1LtR5RXg2+As+M3kvArBYW3weFdaBVOBdPKeHHx03lRDJXI0kFJzK3BBMYQ6CC7gRQa9VKarul2SLh360znOBShjQ0llfWgOVCJT6xEgJYWg2+wXs73Tf6fFKRKmKtotCzpAr1ziQZzrw3dK48Ahq8FJ0GsJ1ylTGoHiRLD5mUhUBhmc0aRClYcxryztJNQuQoH6pkzK0skZVEgFGdDMfYqpAKdKheMZzZcJlCMDHOZWDz6PCOpAq0lIN0UjHghfCC3cB7CWd6\/veDi57kgsSat68XC4dGxNL1BhinAyCcifQNyM+sAYrEd54oEBGEsp9m61+g30H\/c5aFTwmptUTFTmZeILt+BsiSeWokvHLY7EniR3n4I+rlTkriifDd11bxr\/f033PhWrnZ2Q5cs3+ot2cPrKN9dxR8HCx45Nmj8IbAwqWXk0VHavkidXNha9MXouIpCEWyWAdSBVpfnHpiY6bS4hdC2slLElDTgGMfpArsMwFljv79mxXr1T1k\/qLujqK7xzLKWhEzwbWYCXCq9XyxO6Tr6zZLyCeCdowpmdc+LRU0iBxCGTODpJMsv1ddiIW8ivQtkLBHGrvjs36PPwZg+2ZnZiZD+\/eqV1rvip1tvqsRkHV9Vlf3VzJEyYxNpszm399vzjcl10ftp47CqpdlCMW7MkHxewfUNkR6vPePVb7KOj8TBHV4YJ\/6ncCP8FXJq9FwIS09CLPWYF1IDPwbuQCD\/sdN5kQO2beq8YXc+ceIK+15BF3+eiZgHHYzLNZJpIWRpvax6+o5zLumhDG+fSDitaAJcJL9+SM7QvCwg3QRuqsrIcPqd6v36r6PHiB+vKWnGpY\/lN1th8pi2NWOhTPiYkl7YLGfImlRpQoEVyzCzY1bG4dm8Rn82nftLh6saxvA3LlaUeTx7L10L7d6v\/aOxPoKIo0jgcBAUFA7tMESIJE5Ar3JQtyhUsI4ZAbuSEg4UwIhyCCcgUCSbgEHoKoqwgIIqI8UdhFBVwEjxXxAeIui727+tSnLPJt\/aunkp6qnsx0z5FJMv3e7\/GozNR0V31f1\/Ud6SnNlef2hN4PhmV7A5hFbQJiXXfspWTl+56wtKU+IkGOIE+yjHkA5DaSTOTaKkqBXdgNTTK5UbdcP9iD3q6pBrtIraNv3Qqzm9wSdAFxkIvk0GlzGnEh25Oqx30w86aVEaljMha2UjosN2Z2KsdzLeFylcEDYJcO14\/ad2z0S+Rhnjcv6UCzOz9INy7pSZLlaZ5QJhGIRUbEz\/j7KSRkUA17RZvcuvGlmqV+btvsszEzg1+0Ga4zRzcqz+wJUNZxjshE+stQ3ZgBwi7R1vZ7Qi1u4QH5gRzJsuUhts6UzFAKvIHd2AGTm3XL5Rfa01sVnAUF4ZPhyi7WPWKHyhUicDyyc6OhEVNPOBC6OuMwIpKpWU3ruKAXXmrYQLiteghL52PCvcHswmGzHO9cKNMb01txWzjB7tGRtHNCNG1NjKHZXerxgCrYIpd\/H1M3nNPx+n\/7hW5eu8hHbmxF37mt7yL+qn2hhHSGUuJ7P926YTur+aqJ0TkOgt+86dwuTjTN3ih5ecMQpR5XZE5rQEsji3K5gfzIMuUhiNCjyLFdlAJv0HRDWEsu7oJLK5wzNsC8COdFuOQwUeh8xFwzlon42sf26tkBRzUqalhzXVI6UU6qJravL5zap3ScK9LnNKWvHaOCHsgkpz5sbZuZQkFQYYALq20Yf8LMBqOAWbgxcdhrTIVj5O3dc7JfNohwJH8f4M0PGzujHxcuHAPg7EdWQGzLY3oHBd230nPhlsmY1jHbQVDEUBfIL0aR1wmZLeR6zEDorlmNi\/Opro1UMILvNYuGrO5QCryF3WB3kxv3iHPTc8xo3h7ViXCh051jGjTlznSyf4xu+nI3+zQd0YuufHKC1wHfJONnsSGB2BHG5MhY1+gu5Hdpb9pApQPNeHfHEl4\/crwaD2vhY3Xnd\/0QFwqhWqe7ogmfDopoS\/gXl9kO44tr+vO\/4X51RXIdkUiAOOg8MfVb8YrNIkZFBNcXh8C75lvPFyvISG1N\/\/7uG\/35DZ7TAM6XekqaHIXCvYjcvZ5sdizrUpGHpYa8yDJkAbgVK\/LrDUqBL2A3+rTJzbsFOzEfjYygA5VK09F1uisFDl3FNARCCSXSL2eXaCyY0SHizCIlrqbjc8S9TcXnsOMlEjRjxDN2KkyPcJ03ZMtwxSo2zbr0nu5yzjceHFM6vOllnyjkGeKJmU2sI7gw7W\/Lp6nChwgXbNn0VDh36fsr55x\/n60Jl8Xrmwf4O9Z78N2CuwoUEC8bWBYgApGZDaIRrEUxqiPjBy74Z60Y3JLW2bDFE6x7sqV+Z+xFiHWb+K3L7z+VPUKiX42u\/mIj4i9vpSn1GUkfFs6PFSAnNnfuALZPFbn1FqXAF7CbvUezmM5TgAaa16QYTWxZJdtEB29+WIPf\/uUm\/\/9\/vrvC\/8UFBcLf7vz2X\/5\/LLZXT32IOlcN43G0celx6s463Nn1IIyiDoxQP904zbffxXV4l\/vt8YSoMFrYpxGfDuHCjhhi4QlFRYxsBN1HsuWc667uv3TjFF8PYfrFcyE5NllwIWm0SMAmLuwCGn9bOODB7s3YFubXXb4uwgiBqSyUDS8hrN\/4povht5GIGv5ZqHvRo+U9tBB3ZuXoutx9Xnj2QqGwHtU3eO7y9hIxBjFCoS1EUJk\/7vyPrZv0vMNmZE5tQOPrhtHphNreKNIRzabtnTuUAl+h6UFYrpg8jFvGNdcD109gCiXigePCzh4UBGcrCLyYE2dPT4NyZEMKbV3Yhpv\/4\/vIDo78TcKYE9e\/rlziYZWR1Q5RWMVuIS5kstiV2lfpRBnsVHV1xEhPbF+bLh5HpFT9uv3rzzxjA34bf8fBLFLX4L5lJREX4v\/BEiGpcz3+HWy8wKYNGf6+\/+ocnT3xgtPvL+5fnX8OwOUf39s0qTe3R4STHX5vcuvqdHh9cvYZlKsL9o9\/Xj6Vp+cUdQpW962mPLs7kIAO3+1RK4z2PT0xOykbLuxazuoSyd0\/RDhpcWFHckdyD6U+AVwxRkeH0ZGeVe2kgBFAHh8gE3n1BUqBL2E33oTxq8lD5cqh52Ozo5WC+Kh7eLYFpBIRYYEBrBxgfYARIM4RFRaxAjbMbsSTR4vPQbCRjQ5B5HH2Eec4nwGoc1q7WjwmNjIseBrbOqVXFSfBQz24FyiCsVwGpkdjYytwpzlknxCZ16Gc09qV4fdg\/Dw2UuTfBvC3gmW9XL8xZjdAGyEjPfzDoGzwIN42M4Hn0kUEXXxe\/o7gcVY\/Xhzyb+dGWlJDGlAvpw4cb0CxcWbYr44eiF\/8DW2BfkUCBnwnjfWbXB\/ACJnYrARt71iObp0dosiLh0AOYbmryKmvUAp8DXuA\/ow\/TB4uV07t7MTe+iWzOxpObSLVCRwI+xk6xah4ILVDWVrPOgYuAEI4Uc+E5iVoTWIDrjDIgiHC8ULZkDgNFuByR+bGipF1uLCLe4SJD1K2iMNUd8CTl+869qmSs0Zh6yHkjprUqhSNYdNd5O2Vf1cAQX9+XCT\/PEYrBDNZOz2GewfP6FiWvzjk3xTgnpHtHW2KIKCIcATPXPlzWeNUT2N3IENJ0p\/K8edDHZj2wU4Pz7h6Un3+XKLNoGwzOt7PlVCuR4Ap5zPsJenFiAT5w46NIp++RCnwB+xBZpo8oEdc\/3AgHR9U0ylLuQApUJB9Ac52XaXYB0s6PcA7AgK3NjGGH+TKnQTBXcuUy2quHxnkx31FCgkNq2wEUhSxImSSWpRS6vEHyBO7bEhtbqmxKK4yJUXoKWRcZdsQZkpyO9piHtq+AW9n+W8YhdAv+Iz8NyOrelejyQ8XoVvnbSsSgLWtIpe+RinwF+yBNpo8pEdgsXl2ikmyKgMICimPUEs7V1A6xx8grNSRSuo9CSC8o6Tp27iG9yj1+BuePc\/k\/oxglBIJ2EBvNnrJEYgCBhtpB7Gp4dWTAxSZsAASJSvy6A+UAn+h6d65b5g8rMdcXOoi9bwDTP\/kESAQCvVyf9V2TgYjwTjDtGsxm7rI9QQCxAKX701Gnu5ljo1U6vE3m0bUoT7sBXTpUJwiBxbYzygqy6K\/UAr8CXuwEpoNC3Mjl7e0NbXlExgzQwgWsoWr1YW0FQ497F5AgXDIA3bWIr7AE8Xf6nDOFKyPr6nU408ymPJivYV1s9z\/FoCcIbuDIof+QinwN+wB72OcNnl4j7m2vxu909C1AONQT1aoua1L84hCcsf5gtymeDKYQo18KEypI1Ag7p98TzJYnxpjfG8abi0ssTdkjo\/iinR4ta34DQLI132y7PkbpSAQaHq4sE9MGsFjbn44gD7sqSaxEiDFpKxQkxoXsxw6yhPezEWxjcCWDC4XGwbWUuoIJHJmCDPmOGIZInG3v15CMpmTo\/nu3p7kGKW\/LfCxZiNMly9QCgIFe+DKjHMmjeExP3w6LNfwy8hdJCvU0KgwbnEsd6Q37BnhHNTfFUj90p0Jy0ZDbO68YF+CuUuHfK84Z8qaVF\/5vj\/ImhrNjyh2JNVX+tkCkKfKsqwFCqUgkGj6CHXGpFEscXlbOzoWaR4NFZsS8qEkEhBnjDYP72sXeLAagx+agQCUK7pbT9jlazDSHMplNMXItZspHAI6yt\/1B1mJ9bn51+ap9ZS+tQDkKE9GJIFSEGg0fQ3l1aYEQLDBU33M3eDxlpUTZ0HBnour4tONCQjpiyPr0RttKyvrKORQSmpRktIDNGVyB7bJX+taXX8BlC\/Do6lic8JOsElv2DQ1ih9ppI+LUPrUApCfgK+RZJSCvAANwThk0kjW+Gw4XVzWmI5WU3f7EHgR0Xjkad+0pvfaypXqDggrRqvXu1Sj15nQ7hhVT\/lMYWfNmAjeB16OSAe1IFAkoBTkFZp+DrXZpLEsgzw8H\/RQNycQ\/HGoialPXzb92mQxkVYI79iWoocWeNF+NCEAeQnYOZI7lIK8hjXOPJNGsw4bpT5fHUvH6jqvY3DCn2higwZSO5YL2DqhsJOe0pReWdxI7TfPQRwyRX7yEqUgGGANNYjxm0kDWuafHwygj8aoGbdFtg1ZofpH4FwlQun8EL7no\/09lf7yAMgFwkEpcpPXKAXBAmuwVozrJo1pCxz0nuzqnAEe0X2MLh1GZrUsRRkWrchDWONARnuln9wAeWgly0qwoBQEE6zhqjJOmDSqPdjU76uNrem92JxDSxykJtcx9+mB493KHlXy\/FyooLJ7ZUu1j1xzglFFlpFgQikINlgDFmOsMWlc2+Cw98u0FnS8Uc5ZC6IhDXQxSvULD6O0ATVtuXGHcM3OZbFK37hgtRZEGw2uUAqCFdaY8QzNpKFtA2ezz1fF0rvN9JEKoxT8eWDyIysUSKgbRhsSaoeUykdsme3WbAj97XenPl+hFAQzrGFranpcaLnRvePCMG6N\/n4XfU2FA9aJ4aoyCQawaWFa\/xpKyOEQ1pjeobTaFzmgnxFiSpGDYEUpCHY0PfLRXMZtkw7wmquvPkZnRoTzg98tD95rei4l6MX+9my3SpQZ2qiwzKbEaBoaE6a0P+N3Te9fv0QQ8idKQX5B04O1eGV5nhsIAn\/p2cZ0om0lSg8v7nI9BbB5AVOhjOF1eLRRWXBC5LBxQTNKG1+Xt9mSfpXkdkd\/+jXoiT9RCvITmm41MUuzEQHJCtcOdKdzSfVp48Ml3QZL6V07jJ7pUpGyxueN818wkp7clLalNqZnBlWnno72gz3emb2dRRuj\/9CPQb\/JkBtKQX6EdUJdxnFZCXzOZ2wa+FpXeimhOk2INN9ON4IDYChW5th6hXLE2r6wCT03vBb1MbE4MbhavMOoI\/dpfkQpyM+wThnI+FZRAj9xbtejtLRLWerlIgKREcSLg7cvHAMRmVQWvILCtkW6AWt8pNoGYGxsUTq5tT3a71tGvNyH+RmlIL\/DOqgkI4Xxsyz8\/uLmuaF0cGUzmtGuZHYsPnfg7Gp+mzKU9ngNypoQna93BrcyBVrP1kFPxKjPCRCgc9XwmmJah35JZpSU+y6\/oxQUFFhn1WBsY9yRhd+fXP0gnvalNqQZHe\/jFhSyYLkCU8YhUWGU0u5+Wt27GrcPzJryUNBaX2xZ2Iw2To2ikY+o3swAU7vlCVXp5LYO9MMFHhcc\/bCVUUPuq4KCUlDQ0PQUoTs1G1FlveX66QQ6+FwsLe5bib+dZYHzFIRzHt+oKM3vUJaWx1WmtQk1adNopmyTomjLjAa0eV5gLN2zmAJlTo+miS2doxcJsLmw5PFK9E56a2NgfSgR2t8nqS6DGaWgoMI6M4axj3FXFvpA8bf93bn\/zoK4ByghWhVGu0xsUUIRfF+RyRQoa2YDmt6+tOmGC2Krp\/QsT0fWtKCbZ4canxcvL7Q3ct8o\/VEQUQoKOpq+84fospYTWvuar4\/3o6PrWlLGxDo0t2tZGtJAj8stC6w7IOSbF6qKYJeM1Ga0ZU4MzepcVomSC7pUC6M5j5Wl\/cub0I0zg+XnQruifevKbV\/QUQoKC6yzKzIWaDbThvoLbGace7UbHV7VnHYkRdPzT1Tnija+RTE+mkGQZeEG6VO8c4vHYerWeQ0pJa6iqUIj4AnWgS8veoSunTLNao52RHtWkNu6sKAUFDZY5xfXdCNaJGfLsymgFf7x8WA2qvXlSoc8SBB2JMTGiCIrSW5sTGlK21Ma0aK+lXm8OlmBMOJNal2C9syPoW9O9FfuQ9PbC+2G9isut21hQykozDCBCGcsZVw1EZygZH738tnCn9yjAncHl5XGCLdGWNCYlg2slm2NIINkc9ufiuIKK\/+eA7QP2ilcbsPCjFIQgitVEUZrxjpNz8otC1PQ8OaqWCdFeKpjGb5tbVSgDckOa4Rhtah3uKo8YPgjRWgzmyrmEigf7bBW09uliNxmIULK5BZNt1Lv4BCkL0yELE+59ekTNFDaGcT0bGrbUrRiSA1a3K+yUyY\/I4MbhNGGJ8Pp\/GvdlXod4Hnx3Hj+fGfFHWiUghC5w4QqgjGZcYDxo4kABpzjm9qY7rqZER8VRmtG1KIze7KNTI3geZD2B88XIT97iNxRCkJ4jqZbrTdmTGHs1fJwrYVtalf5dGGNsGJwNTq5rSP9cMHpe7hf3DfuH8+Rr6228xqlIIR3aHoQmG6a7lKwi3Fe0x3eFAXwNV8e7UPrx9RmU7yS9GRsMW7O825GG1gj4PdxH7gf3Bfur6p87yG8QykI4Xs0fd1Vi9GeMZKxiLGdcZjxV8bXmv34Fvgevo96UB\/qRf34Hfwefje03gkASkGIvEPTp43lNf1AGWsz0FDTvYrxryjD3\/G50LQsiFAKQoQIYQ+lIESIEPb4Px7GKg4dzSBpAAAAAElFTkSuQmCC\" alt=\"\" data-deferred=\"3\" data-csiid=\"JBbuaOzCLI7_7_UPo_DkqQ0_1\" data-ims=\"1760433701134\" data-iml=\"1760433701135\" data-atf=\"1\" \/>Steakhouse \u00b7 Corso Giuseppe Verdi &#8211; Gorizia<\/h3>\n<h3 class=\"LC20lb MBeuO DKV0Md\"><\/h3>\n<div class=\"LbKnXb J0EDnf\">\n<div class=\"R8BTeb q8U8x LJEGod i0Rdmd\">\n<p>Come sempre bellissimi i fiori forniti da<\/p>\n<h3 class=\"LC20lb MBeuO DKV0Md\">Fiori e Piante L&#8217;Annaffiatoio | Trieste<\/h3>\n<\/div>\n<\/div>\n<p>&nbsp;<\/p>\n<p>&nbsp;<\/p>\n\n\t\t<style type=\"text\/css\">\n\t\t\t#gallery-1 {\n\t\t\t\tmargin: auto;\n\t\t\t}\n\t\t\t#gallery-1 .gallery-item {\n\t\t\t\tfloat: left;\n\t\t\t\tmargin-top: 10px;\n\t\t\t\ttext-align: center;\n\t\t\t\twidth: 33%;\n\t\t\t}\n\t\t\t#gallery-1 img {\n\t\t\t\tborder: 2px solid #cfcfcf;\n\t\t\t}\n\t\t\t#gallery-1 .gallery-caption {\n\t\t\t\tmargin-left: 0;\n\t\t\t}\n\t\t\t\/* see gallery_shortcode() in wp-includes\/media.php *\/\n\t\t<\/style>\n\t\t<div id='gallery-1' class='gallery galleryid-0 gallery-columns-3 gallery-size-thumbnail'><dl class='gallery-item'>\n\t\t\t<dt class='gallery-icon landscape'>\n\t\t\t\t<a data-rel=\"iLightbox[postimages]\" data-title=\"b4781c0f-b25f-4cd6-b6cf-51c40156fa7a\" data-caption=\"\" href='https:\/\/consultadisabili.fvg.it\/?attachment_id=5448'><img width=\"150\" height=\"150\" src=\"https:\/\/consultadisabili.fvg.it\/wp-content\/uploads\/2025\/09\/b4781c0f-b25f-4cd6-b6cf-51c40156fa7a-150x150.jpg\" class=\"attachment-thumbnail size-thumbnail\" alt=\"\" srcset=\"https:\/\/consultadisabili.fvg.it\/wp-content\/uploads\/2025\/09\/b4781c0f-b25f-4cd6-b6cf-51c40156fa7a-66x66.jpg 66w, https:\/\/consultadisabili.fvg.it\/wp-content\/uploads\/2025\/09\/b4781c0f-b25f-4cd6-b6cf-51c40156fa7a-150x150.jpg 150w\" sizes=\"(max-width: 150px) 100vw, 150px\" \/><\/a>\n\t\t\t<\/dt><\/dl><dl class='gallery-item'>\n\t\t\t<dt class='gallery-icon landscape'>\n\t\t\t\t<a data-rel=\"iLightbox[postimages]\" data-title=\"0b8c0779-52e8-4bd1-8604-d3fadeaa3606\" data-caption=\"\" href='https:\/\/consultadisabili.fvg.it\/?attachment_id=5423'><img width=\"150\" height=\"150\" src=\"https:\/\/consultadisabili.fvg.it\/wp-content\/uploads\/2025\/09\/0b8c0779-52e8-4bd1-8604-d3fadeaa3606-150x150.jpg\" class=\"attachment-thumbnail size-thumbnail\" alt=\"\" srcset=\"https:\/\/consultadisabili.fvg.it\/wp-content\/uploads\/2025\/09\/0b8c0779-52e8-4bd1-8604-d3fadeaa3606-66x66.jpg 66w, https:\/\/consultadisabili.fvg.it\/wp-content\/uploads\/2025\/09\/0b8c0779-52e8-4bd1-8604-d3fadeaa3606-150x150.jpg 150w\" sizes=\"(max-width: 150px) 100vw, 150px\" \/><\/a>\n\t\t\t<\/dt><\/dl><dl class='gallery-item'>\n\t\t\t<dt class='gallery-icon landscape'>\n\t\t\t\t<a data-rel=\"iLightbox[postimages]\" data-title=\"0b8c0779-52e8-4bd1-8604-d3fadeaa3606(1)\" data-caption=\"\" href='https:\/\/consultadisabili.fvg.it\/?attachment_id=5422'><img width=\"150\" height=\"150\" src=\"https:\/\/consultadisabili.fvg.it\/wp-content\/uploads\/2025\/09\/0b8c0779-52e8-4bd1-8604-d3fadeaa36061-150x150.jpg\" class=\"attachment-thumbnail size-thumbnail\" alt=\"\" srcset=\"https:\/\/consultadisabili.fvg.it\/wp-content\/uploads\/2025\/09\/0b8c0779-52e8-4bd1-8604-d3fadeaa36061-66x66.jpg 66w, https:\/\/consultadisabili.fvg.it\/wp-content\/uploads\/2025\/09\/0b8c0779-52e8-4bd1-8604-d3fadeaa36061-150x150.jpg 150w\" sizes=\"(max-width: 150px) 100vw, 150px\" \/><\/a>\n\t\t\t<\/dt><\/dl><br style=\"clear: both\" \/><dl class='gallery-item'>\n\t\t\t<dt class='gallery-icon landscape'>\n\t\t\t\t<a data-rel=\"iLightbox[postimages]\" data-title=\"0a23336f-fc3d-4fea-bb49-2c41c8917e95\" data-caption=\"\" href='https:\/\/consultadisabili.fvg.it\/?attachment_id=5421'><img width=\"150\" height=\"150\" src=\"https:\/\/consultadisabili.fvg.it\/wp-content\/uploads\/2025\/09\/0a23336f-fc3d-4fea-bb49-2c41c8917e95-150x150.jpg\" class=\"attachment-thumbnail size-thumbnail\" alt=\"\" srcset=\"https:\/\/consultadisabili.fvg.it\/wp-content\/uploads\/2025\/09\/0a23336f-fc3d-4fea-bb49-2c41c8917e95-66x66.jpg 66w, https:\/\/consultadisabili.fvg.it\/wp-content\/uploads\/2025\/09\/0a23336f-fc3d-4fea-bb49-2c41c8917e95-150x150.jpg 150w\" sizes=\"(max-width: 150px) 100vw, 150px\" \/><\/a>\n\t\t\t<\/dt><\/dl><dl class='gallery-item'>\n\t\t\t<dt class='gallery-icon landscape'>\n\t\t\t\t<a data-rel=\"iLightbox[postimages]\" data-title=\"IMG_5355\" data-caption=\"\" href='https:\/\/consultadisabili.fvg.it\/?attachment_id=5619'><img width=\"150\" height=\"150\" src=\"https:\/\/consultadisabili.fvg.it\/wp-content\/uploads\/2025\/09\/IMG_5355-150x150.jpg\" class=\"attachment-thumbnail size-thumbnail\" alt=\"\" srcset=\"https:\/\/consultadisabili.fvg.it\/wp-content\/uploads\/2025\/09\/IMG_5355-66x66.jpg 66w, https:\/\/consultadisabili.fvg.it\/wp-content\/uploads\/2025\/09\/IMG_5355-150x150.jpg 150w\" sizes=\"(max-width: 150px) 100vw, 150px\" \/><\/a>\n\t\t\t<\/dt><\/dl><dl class='gallery-item'>\n\t\t\t<dt class='gallery-icon landscape'>\n\t\t\t\t<a data-rel=\"iLightbox[postimages]\" data-title=\"IMG_5355(1)\" data-caption=\"\" href='https:\/\/consultadisabili.fvg.it\/?attachment_id=5618'><img width=\"150\" height=\"150\" src=\"https:\/\/consultadisabili.fvg.it\/wp-content\/uploads\/2025\/09\/IMG_53551-150x150.jpg\" class=\"attachment-thumbnail size-thumbnail\" alt=\"\" srcset=\"https:\/\/consultadisabili.fvg.it\/wp-content\/uploads\/2025\/09\/IMG_53551-66x66.jpg 66w, https:\/\/consultadisabili.fvg.it\/wp-content\/uploads\/2025\/09\/IMG_53551-150x150.jpg 150w\" sizes=\"(max-width: 150px) 100vw, 150px\" \/><\/a>\n\t\t\t<\/dt><\/dl><br style=\"clear: both\" \/><dl class='gallery-item'>\n\t\t\t<dt class='gallery-icon landscape'>\n\t\t\t\t<a data-rel=\"iLightbox[postimages]\" data-title=\"IMG_5354\" data-caption=\"\" href='https:\/\/consultadisabili.fvg.it\/?attachment_id=5617'><img width=\"150\" height=\"150\" src=\"https:\/\/consultadisabili.fvg.it\/wp-content\/uploads\/2025\/09\/IMG_5354-150x150.jpg\" class=\"attachment-thumbnail size-thumbnail\" alt=\"\" srcset=\"https:\/\/consultadisabili.fvg.it\/wp-content\/uploads\/2025\/09\/IMG_5354-66x66.jpg 66w, https:\/\/consultadisabili.fvg.it\/wp-content\/uploads\/2025\/09\/IMG_5354-150x150.jpg 150w\" sizes=\"(max-width: 150px) 100vw, 150px\" \/><\/a>\n\t\t\t<\/dt><\/dl><dl class='gallery-item'>\n\t\t\t<dt class='gallery-icon landscape'>\n\t\t\t\t<a data-rel=\"iLightbox[postimages]\" data-title=\"IMG_5354(1)\" data-caption=\"\" href='https:\/\/consultadisabili.fvg.it\/?attachment_id=5616'><img width=\"150\" height=\"150\" src=\"https:\/\/consultadisabili.fvg.it\/wp-content\/uploads\/2025\/09\/IMG_53541-150x150.jpg\" class=\"attachment-thumbnail size-thumbnail\" alt=\"\" srcset=\"https:\/\/consultadisabili.fvg.it\/wp-content\/uploads\/2025\/09\/IMG_53541-66x66.jpg 66w, https:\/\/consultadisabili.fvg.it\/wp-content\/uploads\/2025\/09\/IMG_53541-150x150.jpg 150w\" sizes=\"(max-width: 150px) 100vw, 150px\" \/><\/a>\n\t\t\t<\/dt><\/dl><dl class='gallery-item'>\n\t\t\t<dt class='gallery-icon landscape'>\n\t\t\t\t<a data-rel=\"iLightbox[postimages]\" data-title=\"IMG_5353\" data-caption=\"\" href='https:\/\/consultadisabili.fvg.it\/?attachment_id=5615'><img width=\"150\" height=\"150\" src=\"https:\/\/consultadisabili.fvg.it\/wp-content\/uploads\/2025\/09\/IMG_5353-150x150.jpg\" class=\"attachment-thumbnail size-thumbnail\" alt=\"\" srcset=\"https:\/\/consultadisabili.fvg.it\/wp-content\/uploads\/2025\/09\/IMG_5353-66x66.jpg 66w, https:\/\/consultadisabili.fvg.it\/wp-content\/uploads\/2025\/09\/IMG_5353-150x150.jpg 150w\" sizes=\"(max-width: 150px) 100vw, 150px\" \/><\/a>\n\t\t\t<\/dt><\/dl><br style=\"clear: both\" \/><dl class='gallery-item'>\n\t\t\t<dt class='gallery-icon landscape'>\n\t\t\t\t<a data-rel=\"iLightbox[postimages]\" data-title=\"IMG_5353(1)\" data-caption=\"\" href='https:\/\/consultadisabili.fvg.it\/?attachment_id=5614'><img width=\"150\" height=\"150\" src=\"https:\/\/consultadisabili.fvg.it\/wp-content\/uploads\/2025\/09\/IMG_53531-150x150.jpg\" class=\"attachment-thumbnail size-thumbnail\" alt=\"\" srcset=\"https:\/\/consultadisabili.fvg.it\/wp-content\/uploads\/2025\/09\/IMG_53531-66x66.jpg 66w, https:\/\/consultadisabili.fvg.it\/wp-content\/uploads\/2025\/09\/IMG_53531-150x150.jpg 150w\" sizes=\"(max-width: 150px) 100vw, 150px\" \/><\/a>\n\t\t\t<\/dt><\/dl><dl class='gallery-item'>\n\t\t\t<dt class='gallery-icon portrait'>\n\t\t\t\t<a data-rel=\"iLightbox[postimages]\" data-title=\"IMG_5352\" data-caption=\"\" href='https:\/\/consultadisabili.fvg.it\/?attachment_id=5613'><img width=\"150\" height=\"150\" src=\"https:\/\/consultadisabili.fvg.it\/wp-content\/uploads\/2025\/09\/IMG_5352-150x150.jpg\" class=\"attachment-thumbnail size-thumbnail\" alt=\"\" srcset=\"https:\/\/consultadisabili.fvg.it\/wp-content\/uploads\/2025\/09\/IMG_5352-66x66.jpg 66w, https:\/\/consultadisabili.fvg.it\/wp-content\/uploads\/2025\/09\/IMG_5352-150x150.jpg 150w\" sizes=\"(max-width: 150px) 100vw, 150px\" \/><\/a>\n\t\t\t<\/dt><\/dl><dl class='gallery-item'>\n\t\t\t<dt class='gallery-icon portrait'>\n\t\t\t\t<a data-rel=\"iLightbox[postimages]\" data-title=\"IMG_5352(1)\" data-caption=\"\" href='https:\/\/consultadisabili.fvg.it\/?attachment_id=5612'><img width=\"150\" height=\"150\" src=\"https:\/\/consultadisabili.fvg.it\/wp-content\/uploads\/2025\/09\/IMG_53521-150x150.jpg\" class=\"attachment-thumbnail size-thumbnail\" alt=\"\" srcset=\"https:\/\/consultadisabili.fvg.it\/wp-content\/uploads\/2025\/09\/IMG_53521-66x66.jpg 66w, https:\/\/consultadisabili.fvg.it\/wp-content\/uploads\/2025\/09\/IMG_53521-150x150.jpg 150w\" sizes=\"(max-width: 150px) 100vw, 150px\" \/><\/a>\n\t\t\t<\/dt><\/dl><br style=\"clear: both\" \/><dl class='gallery-item'>\n\t\t\t<dt class='gallery-icon landscape'>\n\t\t\t\t<a data-rel=\"iLightbox[postimages]\" data-title=\"IMG_5351\" data-caption=\"\" href='https:\/\/consultadisabili.fvg.it\/?attachment_id=5611'><img width=\"150\" height=\"150\" src=\"https:\/\/consultadisabili.fvg.it\/wp-content\/uploads\/2025\/09\/IMG_5351-150x150.jpg\" class=\"attachment-thumbnail size-thumbnail\" alt=\"\" srcset=\"https:\/\/consultadisabili.fvg.it\/wp-content\/uploads\/2025\/09\/IMG_5351-66x66.jpg 66w, https:\/\/consultadisabili.fvg.it\/wp-content\/uploads\/2025\/09\/IMG_5351-150x150.jpg 150w\" sizes=\"(max-width: 150px) 100vw, 150px\" \/><\/a>\n\t\t\t<\/dt><\/dl><dl class='gallery-item'>\n\t\t\t<dt class='gallery-icon portrait'>\n\t\t\t\t<a data-rel=\"iLightbox[postimages]\" data-title=\"IMG_5348\" data-caption=\"\" href='https:\/\/consultadisabili.fvg.it\/?attachment_id=5610'><img width=\"150\" height=\"150\" src=\"https:\/\/consultadisabili.fvg.it\/wp-content\/uploads\/2025\/09\/IMG_5348-150x150.jpg\" class=\"attachment-thumbnail size-thumbnail\" alt=\"\" srcset=\"https:\/\/consultadisabili.fvg.it\/wp-content\/uploads\/2025\/09\/IMG_5348-66x66.jpg 66w, https:\/\/consultadisabili.fvg.it\/wp-content\/uploads\/2025\/09\/IMG_5348-150x150.jpg 150w\" sizes=\"(max-width: 150px) 100vw, 150px\" \/><\/a>\n\t\t\t<\/dt><\/dl><dl class='gallery-item'>\n\t\t\t<dt class='gallery-icon portrait'>\n\t\t\t\t<a data-rel=\"iLightbox[postimages]\" data-title=\"IMG_5348(1)\" data-caption=\"\" href='https:\/\/consultadisabili.fvg.it\/?attachment_id=5609'><img width=\"150\" height=\"150\" src=\"https:\/\/consultadisabili.fvg.it\/wp-content\/uploads\/2025\/09\/IMG_53481-150x150.jpg\" class=\"attachment-thumbnail size-thumbnail\" alt=\"\" srcset=\"https:\/\/consultadisabili.fvg.it\/wp-content\/uploads\/2025\/09\/IMG_53481-66x66.jpg 66w, https:\/\/consultadisabili.fvg.it\/wp-content\/uploads\/2025\/09\/IMG_53481-150x150.jpg 150w\" sizes=\"(max-width: 150px) 100vw, 150px\" \/><\/a>\n\t\t\t<\/dt><\/dl><br style=\"clear: both\" \/><dl class='gallery-item'>\n\t\t\t<dt class='gallery-icon portrait'>\n\t\t\t\t<a data-rel=\"iLightbox[postimages]\" data-title=\"IMG_5347\" data-caption=\"\" href='https:\/\/consultadisabili.fvg.it\/?attachment_id=5608'><img width=\"150\" height=\"150\" src=\"https:\/\/consultadisabili.fvg.it\/wp-content\/uploads\/2025\/09\/IMG_5347-150x150.jpg\" class=\"attachment-thumbnail size-thumbnail\" alt=\"\" srcset=\"https:\/\/consultadisabili.fvg.it\/wp-content\/uploads\/2025\/09\/IMG_5347-66x66.jpg 66w, https:\/\/consultadisabili.fvg.it\/wp-content\/uploads\/2025\/09\/IMG_5347-150x150.jpg 150w\" sizes=\"(max-width: 150px) 100vw, 150px\" \/><\/a>\n\t\t\t<\/dt><\/dl><dl class='gallery-item'>\n\t\t\t<dt class='gallery-icon portrait'>\n\t\t\t\t<a data-rel=\"iLightbox[postimages]\" data-title=\"IMG_5347(1)\" data-caption=\"\" href='https:\/\/consultadisabili.fvg.it\/?attachment_id=5607'><img width=\"150\" height=\"150\" src=\"https:\/\/consultadisabili.fvg.it\/wp-content\/uploads\/2025\/09\/IMG_53471-150x150.jpg\" class=\"attachment-thumbnail size-thumbnail\" alt=\"\" srcset=\"https:\/\/consultadisabili.fvg.it\/wp-content\/uploads\/2025\/09\/IMG_53471-66x66.jpg 66w, https:\/\/consultadisabili.fvg.it\/wp-content\/uploads\/2025\/09\/IMG_53471-150x150.jpg 150w\" sizes=\"(max-width: 150px) 100vw, 150px\" \/><\/a>\n\t\t\t<\/dt><\/dl><dl class='gallery-item'>\n\t\t\t<dt class='gallery-icon portrait'>\n\t\t\t\t<a data-rel=\"iLightbox[postimages]\" data-title=\"IMG_5346\" data-caption=\"\" href='https:\/\/consultadisabili.fvg.it\/?attachment_id=5606'><img width=\"150\" height=\"150\" src=\"https:\/\/consultadisabili.fvg.it\/wp-content\/uploads\/2025\/09\/IMG_5346-150x150.jpg\" class=\"attachment-thumbnail size-thumbnail\" alt=\"\" srcset=\"https:\/\/consultadisabili.fvg.it\/wp-content\/uploads\/2025\/09\/IMG_5346-66x66.jpg 66w, https:\/\/consultadisabili.fvg.it\/wp-content\/uploads\/2025\/09\/IMG_5346-150x150.jpg 150w\" sizes=\"(max-width: 150px) 100vw, 150px\" \/><\/a>\n\t\t\t<\/dt><\/dl><br style=\"clear: both\" \/><dl class='gallery-item'>\n\t\t\t<dt class='gallery-icon portrait'>\n\t\t\t\t<a data-rel=\"iLightbox[postimages]\" data-title=\"IMG_5346(1)\" data-caption=\"\" href='https:\/\/consultadisabili.fvg.it\/?attachment_id=5605'><img width=\"150\" height=\"150\" src=\"https:\/\/consultadisabili.fvg.it\/wp-content\/uploads\/2025\/09\/IMG_53461-150x150.jpg\" class=\"attachment-thumbnail size-thumbnail\" alt=\"\" srcset=\"https:\/\/consultadisabili.fvg.it\/wp-content\/uploads\/2025\/09\/IMG_53461-66x66.jpg 66w, https:\/\/consultadisabili.fvg.it\/wp-content\/uploads\/2025\/09\/IMG_53461-150x150.jpg 150w\" sizes=\"(max-width: 150px) 100vw, 150px\" \/><\/a>\n\t\t\t<\/dt><\/dl><dl class='gallery-item'>\n\t\t\t<dt class='gallery-icon portrait'>\n\t\t\t\t<a data-rel=\"iLightbox[postimages]\" data-title=\"IMG_5345\" data-caption=\"\" href='https:\/\/consultadisabili.fvg.it\/?attachment_id=5604'><img width=\"150\" height=\"150\" src=\"https:\/\/consultadisabili.fvg.it\/wp-content\/uploads\/2025\/09\/IMG_5345-150x150.jpg\" class=\"attachment-thumbnail size-thumbnail\" alt=\"\" srcset=\"https:\/\/consultadisabili.fvg.it\/wp-content\/uploads\/2025\/09\/IMG_5345-66x66.jpg 66w, https:\/\/consultadisabili.fvg.it\/wp-content\/uploads\/2025\/09\/IMG_5345-150x150.jpg 150w\" sizes=\"(max-width: 150px) 100vw, 150px\" \/><\/a>\n\t\t\t<\/dt><\/dl><dl class='gallery-item'>\n\t\t\t<dt class='gallery-icon portrait'>\n\t\t\t\t<a data-rel=\"iLightbox[postimages]\" data-title=\"IMG_5344\" data-caption=\"\" href='https:\/\/consultadisabili.fvg.it\/?attachment_id=5603'><img width=\"150\" height=\"150\" src=\"https:\/\/consultadisabili.fvg.it\/wp-content\/uploads\/2025\/09\/IMG_5344-150x150.jpg\" class=\"attachment-thumbnail size-thumbnail\" alt=\"\" srcset=\"https:\/\/consultadisabili.fvg.it\/wp-content\/uploads\/2025\/09\/IMG_5344-66x66.jpg 66w, https:\/\/consultadisabili.fvg.it\/wp-content\/uploads\/2025\/09\/IMG_5344-150x150.jpg 150w\" sizes=\"(max-width: 150px) 100vw, 150px\" \/><\/a>\n\t\t\t<\/dt><\/dl><br style=\"clear: both\" \/><dl class='gallery-item'>\n\t\t\t<dt class='gallery-icon portrait'>\n\t\t\t\t<a data-rel=\"iLightbox[postimages]\" data-title=\"IMG_5344(1)\" data-caption=\"\" href='https:\/\/consultadisabili.fvg.it\/?attachment_id=5602'><img width=\"150\" height=\"150\" src=\"https:\/\/consultadisabili.fvg.it\/wp-content\/uploads\/2025\/09\/IMG_53441-150x150.jpg\" class=\"attachment-thumbnail size-thumbnail\" alt=\"\" srcset=\"https:\/\/consultadisabili.fvg.it\/wp-content\/uploads\/2025\/09\/IMG_53441-66x66.jpg 66w, https:\/\/consultadisabili.fvg.it\/wp-content\/uploads\/2025\/09\/IMG_53441-150x150.jpg 150w\" sizes=\"(max-width: 150px) 100vw, 150px\" \/><\/a>\n\t\t\t<\/dt><\/dl><dl class='gallery-item'>\n\t\t\t<dt class='gallery-icon landscape'>\n\t\t\t\t<a data-rel=\"iLightbox[postimages]\" data-title=\"IMG_5340\" data-caption=\"\" href='https:\/\/consultadisabili.fvg.it\/?attachment_id=5601'><img width=\"150\" height=\"150\" src=\"https:\/\/consultadisabili.fvg.it\/wp-content\/uploads\/2025\/09\/IMG_5340-150x150.jpg\" class=\"attachment-thumbnail size-thumbnail\" alt=\"\" srcset=\"https:\/\/consultadisabili.fvg.it\/wp-content\/uploads\/2025\/09\/IMG_5340-66x66.jpg 66w, https:\/\/consultadisabili.fvg.it\/wp-content\/uploads\/2025\/09\/IMG_5340-150x150.jpg 150w\" sizes=\"(max-width: 150px) 100vw, 150px\" \/><\/a>\n\t\t\t<\/dt><\/dl><dl class='gallery-item'>\n\t\t\t<dt class='gallery-icon landscape'>\n\t\t\t\t<a data-rel=\"iLightbox[postimages]\" data-title=\"IMG_5340(1)\" data-caption=\"\" href='https:\/\/consultadisabili.fvg.it\/?attachment_id=5600'><img width=\"150\" height=\"150\" src=\"https:\/\/consultadisabili.fvg.it\/wp-content\/uploads\/2025\/09\/IMG_53401-150x150.jpg\" class=\"attachment-thumbnail size-thumbnail\" alt=\"\" srcset=\"https:\/\/consultadisabili.fvg.it\/wp-content\/uploads\/2025\/09\/IMG_53401-66x66.jpg 66w, https:\/\/consultadisabili.fvg.it\/wp-content\/uploads\/2025\/09\/IMG_53401-150x150.jpg 150w\" sizes=\"(max-width: 150px) 100vw, 150px\" \/><\/a>\n\t\t\t<\/dt><\/dl><br style=\"clear: both\" \/><dl class='gallery-item'>\n\t\t\t<dt class='gallery-icon landscape'>\n\t\t\t\t<a data-rel=\"iLightbox[postimages]\" data-title=\"IMG_5339\" data-caption=\"\" href='https:\/\/consultadisabili.fvg.it\/?attachment_id=5599'><img width=\"150\" height=\"150\" src=\"https:\/\/consultadisabili.fvg.it\/wp-content\/uploads\/2025\/09\/IMG_5339-150x150.jpg\" class=\"attachment-thumbnail size-thumbnail\" alt=\"\" srcset=\"https:\/\/consultadisabili.fvg.it\/wp-content\/uploads\/2025\/09\/IMG_5339-66x66.jpg 66w, https:\/\/consultadisabili.fvg.it\/wp-content\/uploads\/2025\/09\/IMG_5339-150x150.jpg 150w\" sizes=\"(max-width: 150px) 100vw, 150px\" \/><\/a>\n\t\t\t<\/dt><\/dl><dl class='gallery-item'>\n\t\t\t<dt class='gallery-icon landscape'>\n\t\t\t\t<a data-rel=\"iLightbox[postimages]\" data-title=\"IMG_5339(1)\" data-caption=\"\" href='https:\/\/consultadisabili.fvg.it\/?attachment_id=5598'><img width=\"150\" height=\"150\" src=\"https:\/\/consultadisabili.fvg.it\/wp-content\/uploads\/2025\/09\/IMG_53391-150x150.jpg\" class=\"attachment-thumbnail size-thumbnail\" alt=\"\" srcset=\"https:\/\/consultadisabili.fvg.it\/wp-content\/uploads\/2025\/09\/IMG_53391-66x66.jpg 66w, https:\/\/consultadisabili.fvg.it\/wp-content\/uploads\/2025\/09\/IMG_53391-150x150.jpg 150w\" sizes=\"(max-width: 150px) 100vw, 150px\" \/><\/a>\n\t\t\t<\/dt><\/dl><dl class='gallery-item'>\n\t\t\t<dt class='gallery-icon landscape'>\n\t\t\t\t<a data-rel=\"iLightbox[postimages]\" data-title=\"IMG_5336\" data-caption=\"\" href='https:\/\/consultadisabili.fvg.it\/?attachment_id=5597'><img width=\"150\" height=\"150\" src=\"https:\/\/consultadisabili.fvg.it\/wp-content\/uploads\/2025\/09\/IMG_5336-150x150.jpg\" class=\"attachment-thumbnail size-thumbnail\" alt=\"\" srcset=\"https:\/\/consultadisabili.fvg.it\/wp-content\/uploads\/2025\/09\/IMG_5336-66x66.jpg 66w, https:\/\/consultadisabili.fvg.it\/wp-content\/uploads\/2025\/09\/IMG_5336-150x150.jpg 150w\" sizes=\"(max-width: 150px) 100vw, 150px\" \/><\/a>\n\t\t\t<\/dt><\/dl><br style=\"clear: both\" \/><dl class='gallery-item'>\n\t\t\t<dt class='gallery-icon landscape'>\n\t\t\t\t<a data-rel=\"iLightbox[postimages]\" data-title=\"IMG_5335\" data-caption=\"\" href='https:\/\/consultadisabili.fvg.it\/?attachment_id=5596'><img width=\"150\" height=\"150\" src=\"https:\/\/consultadisabili.fvg.it\/wp-content\/uploads\/2025\/09\/IMG_5335-150x150.jpg\" class=\"attachment-thumbnail size-thumbnail\" alt=\"\" srcset=\"https:\/\/consultadisabili.fvg.it\/wp-content\/uploads\/2025\/09\/IMG_5335-66x66.jpg 66w, https:\/\/consultadisabili.fvg.it\/wp-content\/uploads\/2025\/09\/IMG_5335-150x150.jpg 150w\" sizes=\"(max-width: 150px) 100vw, 150px\" \/><\/a>\n\t\t\t<\/dt><\/dl><dl class='gallery-item'>\n\t\t\t<dt class='gallery-icon landscape'>\n\t\t\t\t<a data-rel=\"iLightbox[postimages]\" data-title=\"IMG_5335(1)\" data-caption=\"\" href='https:\/\/consultadisabili.fvg.it\/?attachment_id=5595'><img width=\"150\" height=\"150\" src=\"https:\/\/consultadisabili.fvg.it\/wp-content\/uploads\/2025\/09\/IMG_53351-150x150.jpg\" class=\"attachment-thumbnail size-thumbnail\" alt=\"\" srcset=\"https:\/\/consultadisabili.fvg.it\/wp-content\/uploads\/2025\/09\/IMG_53351-66x66.jpg 66w, https:\/\/consultadisabili.fvg.it\/wp-content\/uploads\/2025\/09\/IMG_53351-150x150.jpg 150w\" sizes=\"(max-width: 150px) 100vw, 150px\" \/><\/a>\n\t\t\t<\/dt><\/dl><dl class='gallery-item'>\n\t\t\t<dt class='gallery-icon landscape'>\n\t\t\t\t<a data-rel=\"iLightbox[postimages]\" data-title=\"IMG_5334\" data-caption=\"\" href='https:\/\/consultadisabili.fvg.it\/?attachment_id=5594'><img width=\"150\" height=\"150\" src=\"https:\/\/consultadisabili.fvg.it\/wp-content\/uploads\/2025\/09\/IMG_5334-150x150.jpg\" class=\"attachment-thumbnail size-thumbnail\" alt=\"\" srcset=\"https:\/\/consultadisabili.fvg.it\/wp-content\/uploads\/2025\/09\/IMG_5334-66x66.jpg 66w, https:\/\/consultadisabili.fvg.it\/wp-content\/uploads\/2025\/09\/IMG_5334-150x150.jpg 150w\" sizes=\"(max-width: 150px) 100vw, 150px\" \/><\/a>\n\t\t\t<\/dt><\/dl><br style=\"clear: both\" \/><dl class='gallery-item'>\n\t\t\t<dt class='gallery-icon landscape'>\n\t\t\t\t<a data-rel=\"iLightbox[postimages]\" data-title=\"IMG_5334(1)\" data-caption=\"\" href='https:\/\/consultadisabili.fvg.it\/?attachment_id=5593'><img width=\"150\" height=\"150\" src=\"https:\/\/consultadisabili.fvg.it\/wp-content\/uploads\/2025\/09\/IMG_53341-150x150.jpg\" class=\"attachment-thumbnail size-thumbnail\" alt=\"\" srcset=\"https:\/\/consultadisabili.fvg.it\/wp-content\/uploads\/2025\/09\/IMG_53341-66x66.jpg 66w, https:\/\/consultadisabili.fvg.it\/wp-content\/uploads\/2025\/09\/IMG_53341-150x150.jpg 150w\" sizes=\"(max-width: 150px) 100vw, 150px\" \/><\/a>\n\t\t\t<\/dt><\/dl><dl class='gallery-item'>\n\t\t\t<dt class='gallery-icon landscape'>\n\t\t\t\t<a data-rel=\"iLightbox[postimages]\" data-title=\"IMG_5332\" data-caption=\"\" href='https:\/\/consultadisabili.fvg.it\/?attachment_id=5592'><img width=\"150\" height=\"150\" src=\"https:\/\/consultadisabili.fvg.it\/wp-content\/uploads\/2025\/09\/IMG_5332-150x150.jpg\" class=\"attachment-thumbnail size-thumbnail\" alt=\"\" srcset=\"https:\/\/consultadisabili.fvg.it\/wp-content\/uploads\/2025\/09\/IMG_5332-66x66.jpg 66w, https:\/\/consultadisabili.fvg.it\/wp-content\/uploads\/2025\/09\/IMG_5332-150x150.jpg 150w\" sizes=\"(max-width: 150px) 100vw, 150px\" \/><\/a>\n\t\t\t<\/dt><\/dl><dl class='gallery-item'>\n\t\t\t<dt class='gallery-icon landscape'>\n\t\t\t\t<a data-rel=\"iLightbox[postimages]\" data-title=\"IMG_5332(1)\" data-caption=\"\" href='https:\/\/consultadisabili.fvg.it\/?attachment_id=5591'><img width=\"150\" height=\"150\" src=\"https:\/\/consultadisabili.fvg.it\/wp-content\/uploads\/2025\/09\/IMG_53321-150x150.jpg\" class=\"attachment-thumbnail size-thumbnail\" alt=\"\" srcset=\"https:\/\/consultadisabili.fvg.it\/wp-content\/uploads\/2025\/09\/IMG_53321-66x66.jpg 66w, https:\/\/consultadisabili.fvg.it\/wp-content\/uploads\/2025\/09\/IMG_53321-150x150.jpg 150w\" sizes=\"(max-width: 150px) 100vw, 150px\" \/><\/a>\n\t\t\t<\/dt><\/dl><br style=\"clear: both\" \/><dl class='gallery-item'>\n\t\t\t<dt class='gallery-icon landscape'>\n\t\t\t\t<a data-rel=\"iLightbox[postimages]\" data-title=\"IMG_5326(1)\" data-caption=\"\" href='https:\/\/consultadisabili.fvg.it\/?attachment_id=5588'><img width=\"150\" height=\"150\" src=\"https:\/\/consultadisabili.fvg.it\/wp-content\/uploads\/2025\/09\/IMG_53261-150x150.jpg\" class=\"attachment-thumbnail size-thumbnail\" alt=\"\" srcset=\"https:\/\/consultadisabili.fvg.it\/wp-content\/uploads\/2025\/09\/IMG_53261-66x66.jpg 66w, https:\/\/consultadisabili.fvg.it\/wp-content\/uploads\/2025\/09\/IMG_53261-150x150.jpg 150w\" sizes=\"(max-width: 150px) 100vw, 150px\" \/><\/a>\n\t\t\t<\/dt><\/dl><dl class='gallery-item'>\n\t\t\t<dt class='gallery-icon landscape'>\n\t\t\t\t<a data-rel=\"iLightbox[postimages]\" data-title=\"IMG_5324\" data-caption=\"\" href='https:\/\/consultadisabili.fvg.it\/?attachment_id=5585'><img width=\"150\" height=\"150\" src=\"https:\/\/consultadisabili.fvg.it\/wp-content\/uploads\/2025\/09\/IMG_5324-150x150.jpg\" class=\"attachment-thumbnail size-thumbnail\" alt=\"\" srcset=\"https:\/\/consultadisabili.fvg.it\/wp-content\/uploads\/2025\/09\/IMG_5324-66x66.jpg 66w, https:\/\/consultadisabili.fvg.it\/wp-content\/uploads\/2025\/09\/IMG_5324-150x150.jpg 150w\" sizes=\"(max-width: 150px) 100vw, 150px\" \/><\/a>\n\t\t\t<\/dt><\/dl><dl class='gallery-item'>\n\t\t\t<dt class='gallery-icon landscape'>\n\t\t\t\t<a data-rel=\"iLightbox[postimages]\" data-title=\"IMG_5323(1)\" data-caption=\"\" href='https:\/\/consultadisabili.fvg.it\/?attachment_id=5582'><img width=\"150\" height=\"150\" src=\"https:\/\/consultadisabili.fvg.it\/wp-content\/uploads\/2025\/09\/IMG_53231-150x150.jpg\" class=\"attachment-thumbnail size-thumbnail\" alt=\"\" srcset=\"https:\/\/consultadisabili.fvg.it\/wp-content\/uploads\/2025\/09\/IMG_53231-66x66.jpg 66w, https:\/\/consultadisabili.fvg.it\/wp-content\/uploads\/2025\/09\/IMG_53231-150x150.jpg 150w\" sizes=\"(max-width: 150px) 100vw, 150px\" \/><\/a>\n\t\t\t<\/dt><\/dl><br style=\"clear: both\" \/><dl class='gallery-item'>\n\t\t\t<dt class='gallery-icon portrait'>\n\t\t\t\t<a data-rel=\"iLightbox[postimages]\" data-title=\"IMG_5322\" data-caption=\"\" href='https:\/\/consultadisabili.fvg.it\/?attachment_id=5581'><img width=\"150\" height=\"150\" src=\"https:\/\/consultadisabili.fvg.it\/wp-content\/uploads\/2025\/09\/IMG_5322-150x150.jpg\" class=\"attachment-thumbnail size-thumbnail\" alt=\"\" srcset=\"https:\/\/consultadisabili.fvg.it\/wp-content\/uploads\/2025\/09\/IMG_5322-66x66.jpg 66w, https:\/\/consultadisabili.fvg.it\/wp-content\/uploads\/2025\/09\/IMG_5322-150x150.jpg 150w\" sizes=\"(max-width: 150px) 100vw, 150px\" \/><\/a>\n\t\t\t<\/dt><\/dl><dl class='gallery-item'>\n\t\t\t<dt class='gallery-icon portrait'>\n\t\t\t\t<a data-rel=\"iLightbox[postimages]\" data-title=\"IMG_5321(1)\" data-caption=\"\" href='https:\/\/consultadisabili.fvg.it\/?attachment_id=5578'><img width=\"150\" height=\"150\" src=\"https:\/\/consultadisabili.fvg.it\/wp-content\/uploads\/2025\/09\/IMG_53211-150x150.jpg\" class=\"attachment-thumbnail size-thumbnail\" alt=\"\" srcset=\"https:\/\/consultadisabili.fvg.it\/wp-content\/uploads\/2025\/09\/IMG_53211-66x66.jpg 66w, https:\/\/consultadisabili.fvg.it\/wp-content\/uploads\/2025\/09\/IMG_53211-150x150.jpg 150w\" sizes=\"(max-width: 150px) 100vw, 150px\" \/><\/a>\n\t\t\t<\/dt><\/dl><dl class='gallery-item'>\n\t\t\t<dt class='gallery-icon portrait'>\n\t\t\t\t<a data-rel=\"iLightbox[postimages]\" data-title=\"IMG_5320(1)\" data-caption=\"\" href='https:\/\/consultadisabili.fvg.it\/?attachment_id=5576'><img width=\"150\" height=\"150\" src=\"https:\/\/consultadisabili.fvg.it\/wp-content\/uploads\/2025\/09\/IMG_53201-150x150.jpg\" class=\"attachment-thumbnail size-thumbnail\" alt=\"\" srcset=\"https:\/\/consultadisabili.fvg.it\/wp-content\/uploads\/2025\/09\/IMG_53201-66x66.jpg 66w, https:\/\/consultadisabili.fvg.it\/wp-content\/uploads\/2025\/09\/IMG_53201-150x150.jpg 150w\" sizes=\"(max-width: 150px) 100vw, 150px\" \/><\/a>\n\t\t\t<\/dt><\/dl><br style=\"clear: both\" \/><dl class='gallery-item'>\n\t\t\t<dt class='gallery-icon portrait'>\n\t\t\t\t<a data-rel=\"iLightbox[postimages]\" data-title=\"IMG_5319\" data-caption=\"\" href='https:\/\/consultadisabili.fvg.it\/?attachment_id=5575'><img width=\"150\" height=\"150\" src=\"https:\/\/consultadisabili.fvg.it\/wp-content\/uploads\/2025\/09\/IMG_5319-150x150.jpg\" class=\"attachment-thumbnail size-thumbnail\" alt=\"\" srcset=\"https:\/\/consultadisabili.fvg.it\/wp-content\/uploads\/2025\/09\/IMG_5319-66x66.jpg 66w, https:\/\/consultadisabili.fvg.it\/wp-content\/uploads\/2025\/09\/IMG_5319-150x150.jpg 150w\" sizes=\"(max-width: 150px) 100vw, 150px\" \/><\/a>\n\t\t\t<\/dt><\/dl><dl class='gallery-item'>\n\t\t\t<dt class='gallery-icon portrait'>\n\t\t\t\t<a data-rel=\"iLightbox[postimages]\" data-title=\"IMG_5318(1)\" data-caption=\"\" href='https:\/\/consultadisabili.fvg.it\/?attachment_id=5572'><img width=\"150\" height=\"150\" src=\"https:\/\/consultadisabili.fvg.it\/wp-content\/uploads\/2025\/09\/IMG_53181-150x150.jpg\" class=\"attachment-thumbnail size-thumbnail\" alt=\"\" srcset=\"https:\/\/consultadisabili.fvg.it\/wp-content\/uploads\/2025\/09\/IMG_53181-66x66.jpg 66w, https:\/\/consultadisabili.fvg.it\/wp-content\/uploads\/2025\/09\/IMG_53181-150x150.jpg 150w\" sizes=\"(max-width: 150px) 100vw, 150px\" \/><\/a>\n\t\t\t<\/dt><\/dl><dl class='gallery-item'>\n\t\t\t<dt class='gallery-icon portrait'>\n\t\t\t\t<a data-rel=\"iLightbox[postimages]\" data-title=\"IMG_5314(1)\" data-caption=\"\" href='https:\/\/consultadisabili.fvg.it\/?attachment_id=5570'><img width=\"150\" height=\"150\" src=\"https:\/\/consultadisabili.fvg.it\/wp-content\/uploads\/2025\/09\/IMG_53141-150x150.jpg\" class=\"attachment-thumbnail size-thumbnail\" alt=\"\" srcset=\"https:\/\/consultadisabili.fvg.it\/wp-content\/uploads\/2025\/09\/IMG_53141-66x66.jpg 66w, https:\/\/consultadisabili.fvg.it\/wp-content\/uploads\/2025\/09\/IMG_53141-150x150.jpg 150w\" sizes=\"(max-width: 150px) 100vw, 150px\" \/><\/a>\n\t\t\t<\/dt><\/dl><br style=\"clear: both\" \/><dl class='gallery-item'>\n\t\t\t<dt class='gallery-icon portrait'>\n\t\t\t\t<a data-rel=\"iLightbox[postimages]\" data-title=\"IMG_5313\" data-caption=\"\" href='https:\/\/consultadisabili.fvg.it\/?attachment_id=5569'><img width=\"150\" height=\"150\" src=\"https:\/\/consultadisabili.fvg.it\/wp-content\/uploads\/2025\/09\/IMG_5313-150x150.jpg\" class=\"attachment-thumbnail size-thumbnail\" alt=\"\" srcset=\"https:\/\/consultadisabili.fvg.it\/wp-content\/uploads\/2025\/09\/IMG_5313-66x66.jpg 66w, https:\/\/consultadisabili.fvg.it\/wp-content\/uploads\/2025\/09\/IMG_5313-150x150.jpg 150w\" sizes=\"(max-width: 150px) 100vw, 150px\" \/><\/a>\n\t\t\t<\/dt><\/dl><dl class='gallery-item'>\n\t\t\t<dt class='gallery-icon portrait'>\n\t\t\t\t<a data-rel=\"iLightbox[postimages]\" data-title=\"IMG_5312\" data-caption=\"\" href='https:\/\/consultadisabili.fvg.it\/?attachment_id=5568'><img width=\"150\" height=\"150\" src=\"https:\/\/consultadisabili.fvg.it\/wp-content\/uploads\/2025\/09\/IMG_5312-150x150.jpg\" class=\"attachment-thumbnail size-thumbnail\" alt=\"\" srcset=\"https:\/\/consultadisabili.fvg.it\/wp-content\/uploads\/2025\/09\/IMG_5312-66x66.jpg 66w, https:\/\/consultadisabili.fvg.it\/wp-content\/uploads\/2025\/09\/IMG_5312-150x150.jpg 150w\" sizes=\"(max-width: 150px) 100vw, 150px\" \/><\/a>\n\t\t\t<\/dt><\/dl><dl class='gallery-item'>\n\t\t\t<dt class='gallery-icon portrait'>\n\t\t\t\t<a data-rel=\"iLightbox[postimages]\" data-title=\"IMG_5310\" data-caption=\"\" href='https:\/\/consultadisabili.fvg.it\/?attachment_id=5566'><img width=\"150\" height=\"150\" src=\"https:\/\/consultadisabili.fvg.it\/wp-content\/uploads\/2025\/09\/IMG_5310-150x150.jpg\" class=\"attachment-thumbnail size-thumbnail\" alt=\"\" srcset=\"https:\/\/consultadisabili.fvg.it\/wp-content\/uploads\/2025\/09\/IMG_5310-66x66.jpg 66w, https:\/\/consultadisabili.fvg.it\/wp-content\/uploads\/2025\/09\/IMG_5310-150x150.jpg 150w\" sizes=\"(max-width: 150px) 100vw, 150px\" \/><\/a>\n\t\t\t<\/dt><\/dl><br style=\"clear: both\" \/><dl class='gallery-item'>\n\t\t\t<dt class='gallery-icon portrait'>\n\t\t\t\t<a data-rel=\"iLightbox[postimages]\" data-title=\"IMG_5309\" data-caption=\"\" href='https:\/\/consultadisabili.fvg.it\/?attachment_id=5565'><img width=\"150\" height=\"150\" src=\"https:\/\/consultadisabili.fvg.it\/wp-content\/uploads\/2025\/09\/IMG_5309-150x150.jpg\" class=\"attachment-thumbnail size-thumbnail\" alt=\"\" srcset=\"https:\/\/consultadisabili.fvg.it\/wp-content\/uploads\/2025\/09\/IMG_5309-66x66.jpg 66w, https:\/\/consultadisabili.fvg.it\/wp-content\/uploads\/2025\/09\/IMG_5309-150x150.jpg 150w\" sizes=\"(max-width: 150px) 100vw, 150px\" \/><\/a>\n\t\t\t<\/dt><\/dl><dl class='gallery-item'>\n\t\t\t<dt class='gallery-icon portrait'>\n\t\t\t\t<a data-rel=\"iLightbox[postimages]\" data-title=\"IMG_5308\" data-caption=\"\" href='https:\/\/consultadisabili.fvg.it\/?attachment_id=5564'><img width=\"150\" height=\"150\" src=\"https:\/\/consultadisabili.fvg.it\/wp-content\/uploads\/2025\/09\/IMG_5308-150x150.jpg\" class=\"attachment-thumbnail size-thumbnail\" alt=\"\" srcset=\"https:\/\/consultadisabili.fvg.it\/wp-content\/uploads\/2025\/09\/IMG_5308-66x66.jpg 66w, https:\/\/consultadisabili.fvg.it\/wp-content\/uploads\/2025\/09\/IMG_5308-150x150.jpg 150w\" sizes=\"(max-width: 150px) 100vw, 150px\" \/><\/a>\n\t\t\t<\/dt><\/dl><dl class='gallery-item'>\n\t\t\t<dt class='gallery-icon portrait'>\n\t\t\t\t<a data-rel=\"iLightbox[postimages]\" data-title=\"IMG_5307\" data-caption=\"\" href='https:\/\/consultadisabili.fvg.it\/?attachment_id=5562'><img width=\"150\" height=\"150\" src=\"https:\/\/consultadisabili.fvg.it\/wp-content\/uploads\/2025\/09\/IMG_5307-150x150.jpg\" class=\"attachment-thumbnail size-thumbnail\" alt=\"\" srcset=\"https:\/\/consultadisabili.fvg.it\/wp-content\/uploads\/2025\/09\/IMG_5307-66x66.jpg 66w, https:\/\/consultadisabili.fvg.it\/wp-content\/uploads\/2025\/09\/IMG_5307-150x150.jpg 150w\" sizes=\"(max-width: 150px) 100vw, 150px\" \/><\/a>\n\t\t\t<\/dt><\/dl><br style=\"clear: both\" \/><dl class='gallery-item'>\n\t\t\t<dt class='gallery-icon portrait'>\n\t\t\t\t<a data-rel=\"iLightbox[postimages]\" data-title=\"IMG_5307(1)\" data-caption=\"\" href='https:\/\/consultadisabili.fvg.it\/?attachment_id=5561'><img width=\"150\" height=\"150\" src=\"https:\/\/consultadisabili.fvg.it\/wp-content\/uploads\/2025\/09\/IMG_53071-150x150.jpg\" class=\"attachment-thumbnail size-thumbnail\" alt=\"\" srcset=\"https:\/\/consultadisabili.fvg.it\/wp-content\/uploads\/2025\/09\/IMG_53071-66x66.jpg 66w, https:\/\/consultadisabili.fvg.it\/wp-content\/uploads\/2025\/09\/IMG_53071-150x150.jpg 150w\" sizes=\"(max-width: 150px) 100vw, 150px\" \/><\/a>\n\t\t\t<\/dt><\/dl><dl class='gallery-item'>\n\t\t\t<dt class='gallery-icon portrait'>\n\t\t\t\t<a data-rel=\"iLightbox[postimages]\" data-title=\"IMG_5306\" data-caption=\"\" href='https:\/\/consultadisabili.fvg.it\/?attachment_id=5560'><img width=\"150\" height=\"150\" src=\"https:\/\/consultadisabili.fvg.it\/wp-content\/uploads\/2025\/09\/IMG_5306-150x150.jpg\" class=\"attachment-thumbnail size-thumbnail\" alt=\"\" srcset=\"https:\/\/consultadisabili.fvg.it\/wp-content\/uploads\/2025\/09\/IMG_5306-66x66.jpg 66w, https:\/\/consultadisabili.fvg.it\/wp-content\/uploads\/2025\/09\/IMG_5306-150x150.jpg 150w\" sizes=\"(max-width: 150px) 100vw, 150px\" \/><\/a>\n\t\t\t<\/dt><\/dl><dl class='gallery-item'>\n\t\t\t<dt class='gallery-icon portrait'>\n\t\t\t\t<a data-rel=\"iLightbox[postimages]\" data-title=\"IMG_5305(1)\" data-caption=\"\" href='https:\/\/consultadisabili.fvg.it\/?attachment_id=5558'><img width=\"150\" height=\"150\" src=\"https:\/\/consultadisabili.fvg.it\/wp-content\/uploads\/2025\/09\/IMG_53051-150x150.jpg\" class=\"attachment-thumbnail size-thumbnail\" alt=\"\" srcset=\"https:\/\/consultadisabili.fvg.it\/wp-content\/uploads\/2025\/09\/IMG_53051-66x66.jpg 66w, https:\/\/consultadisabili.fvg.it\/wp-content\/uploads\/2025\/09\/IMG_53051-150x150.jpg 150w\" sizes=\"(max-width: 150px) 100vw, 150px\" \/><\/a>\n\t\t\t<\/dt><\/dl><br style=\"clear: both\" \/><dl class='gallery-item'>\n\t\t\t<dt class='gallery-icon portrait'>\n\t\t\t\t<a data-rel=\"iLightbox[postimages]\" data-title=\"IMG_5302(1)\" data-caption=\"\" href='https:\/\/consultadisabili.fvg.it\/?attachment_id=5556'><img width=\"150\" height=\"150\" src=\"https:\/\/consultadisabili.fvg.it\/wp-content\/uploads\/2025\/09\/IMG_53021-150x150.jpg\" class=\"attachment-thumbnail size-thumbnail\" alt=\"\" srcset=\"https:\/\/consultadisabili.fvg.it\/wp-content\/uploads\/2025\/09\/IMG_53021-66x66.jpg 66w, https:\/\/consultadisabili.fvg.it\/wp-content\/uploads\/2025\/09\/IMG_53021-150x150.jpg 150w\" sizes=\"(max-width: 150px) 100vw, 150px\" \/><\/a>\n\t\t\t<\/dt><\/dl><dl class='gallery-item'>\n\t\t\t<dt class='gallery-icon portrait'>\n\t\t\t\t<a data-rel=\"iLightbox[postimages]\" data-title=\"IMG_5301(1)\" data-caption=\"\" href='https:\/\/consultadisabili.fvg.it\/?attachment_id=5554'><img width=\"150\" height=\"150\" src=\"https:\/\/consultadisabili.fvg.it\/wp-content\/uploads\/2025\/09\/IMG_53011-150x150.jpg\" class=\"attachment-thumbnail size-thumbnail\" alt=\"\" srcset=\"https:\/\/consultadisabili.fvg.it\/wp-content\/uploads\/2025\/09\/IMG_53011-66x66.jpg 66w, https:\/\/consultadisabili.fvg.it\/wp-content\/uploads\/2025\/09\/IMG_53011-150x150.jpg 150w\" sizes=\"(max-width: 150px) 100vw, 150px\" \/><\/a>\n\t\t\t<\/dt><\/dl><dl class='gallery-item'>\n\t\t\t<dt class='gallery-icon portrait'>\n\t\t\t\t<a data-rel=\"iLightbox[postimages]\" data-title=\"IMG_5300\" data-caption=\"\" href='https:\/\/consultadisabili.fvg.it\/?attachment_id=5553'><img width=\"150\" height=\"150\" src=\"https:\/\/consultadisabili.fvg.it\/wp-content\/uploads\/2025\/09\/IMG_5300-150x150.jpg\" class=\"attachment-thumbnail size-thumbnail\" alt=\"\" srcset=\"https:\/\/consultadisabili.fvg.it\/wp-content\/uploads\/2025\/09\/IMG_5300-66x66.jpg 66w, https:\/\/consultadisabili.fvg.it\/wp-content\/uploads\/2025\/09\/IMG_5300-150x150.jpg 150w\" sizes=\"(max-width: 150px) 100vw, 150px\" \/><\/a>\n\t\t\t<\/dt><\/dl><br style=\"clear: both\" \/><dl class='gallery-item'>\n\t\t\t<dt class='gallery-icon portrait'>\n\t\t\t\t<a data-rel=\"iLightbox[postimages]\" data-title=\"IMG_5298\" data-caption=\"\" href='https:\/\/consultadisabili.fvg.it\/?attachment_id=5551'><img width=\"150\" height=\"150\" src=\"https:\/\/consultadisabili.fvg.it\/wp-content\/uploads\/2025\/09\/IMG_5298-150x150.jpg\" class=\"attachment-thumbnail size-thumbnail\" alt=\"\" srcset=\"https:\/\/consultadisabili.fvg.it\/wp-content\/uploads\/2025\/09\/IMG_5298-66x66.jpg 66w, https:\/\/consultadisabili.fvg.it\/wp-content\/uploads\/2025\/09\/IMG_5298-150x150.jpg 150w\" sizes=\"(max-width: 150px) 100vw, 150px\" \/><\/a>\n\t\t\t<\/dt><\/dl><dl class='gallery-item'>\n\t\t\t<dt class='gallery-icon landscape'>\n\t\t\t\t<a data-rel=\"iLightbox[postimages]\" data-title=\"IMG_5297\" data-caption=\"\" href='https:\/\/consultadisabili.fvg.it\/?attachment_id=5550'><img width=\"150\" height=\"150\" src=\"https:\/\/consultadisabili.fvg.it\/wp-content\/uploads\/2025\/09\/IMG_5297-150x150.jpg\" class=\"attachment-thumbnail size-thumbnail\" alt=\"\" srcset=\"https:\/\/consultadisabili.fvg.it\/wp-content\/uploads\/2025\/09\/IMG_5297-66x66.jpg 66w, https:\/\/consultadisabili.fvg.it\/wp-content\/uploads\/2025\/09\/IMG_5297-150x150.jpg 150w\" sizes=\"(max-width: 150px) 100vw, 150px\" \/><\/a>\n\t\t\t<\/dt><\/dl><dl class='gallery-item'>\n\t\t\t<dt class='gallery-icon portrait'>\n\t\t\t\t<a data-rel=\"iLightbox[postimages]\" data-title=\"IMG_5296\" data-caption=\"\" href='https:\/\/consultadisabili.fvg.it\/?attachment_id=5549'><img width=\"150\" height=\"150\" src=\"https:\/\/consultadisabili.fvg.it\/wp-content\/uploads\/2025\/09\/IMG_5296-150x150.jpg\" class=\"attachment-thumbnail size-thumbnail\" alt=\"\" srcset=\"https:\/\/consultadisabili.fvg.it\/wp-content\/uploads\/2025\/09\/IMG_5296-66x66.jpg 66w, https:\/\/consultadisabili.fvg.it\/wp-content\/uploads\/2025\/09\/IMG_5296-150x150.jpg 150w\" sizes=\"(max-width: 150px) 100vw, 150px\" \/><\/a>\n\t\t\t<\/dt><\/dl><br style=\"clear: both\" \/><dl class='gallery-item'>\n\t\t\t<dt class='gallery-icon portrait'>\n\t\t\t\t<a data-rel=\"iLightbox[postimages]\" data-title=\"IMG_5295\" data-caption=\"\" href='https:\/\/consultadisabili.fvg.it\/?attachment_id=5548'><img width=\"150\" height=\"150\" src=\"https:\/\/consultadisabili.fvg.it\/wp-content\/uploads\/2025\/09\/IMG_5295-150x150.jpg\" class=\"attachment-thumbnail size-thumbnail\" alt=\"\" srcset=\"https:\/\/consultadisabili.fvg.it\/wp-content\/uploads\/2025\/09\/IMG_5295-66x66.jpg 66w, https:\/\/consultadisabili.fvg.it\/wp-content\/uploads\/2025\/09\/IMG_5295-150x150.jpg 150w\" sizes=\"(max-width: 150px) 100vw, 150px\" \/><\/a>\n\t\t\t<\/dt><\/dl><dl class='gallery-item'>\n\t\t\t<dt class='gallery-icon portrait'>\n\t\t\t\t<a data-rel=\"iLightbox[postimages]\" data-title=\"IMG_5293\" data-caption=\"\" href='https:\/\/consultadisabili.fvg.it\/?attachment_id=5546'><img width=\"150\" height=\"150\" src=\"https:\/\/consultadisabili.fvg.it\/wp-content\/uploads\/2025\/09\/IMG_5293-150x150.jpg\" class=\"attachment-thumbnail size-thumbnail\" alt=\"\" srcset=\"https:\/\/consultadisabili.fvg.it\/wp-content\/uploads\/2025\/09\/IMG_5293-66x66.jpg 66w, https:\/\/consultadisabili.fvg.it\/wp-content\/uploads\/2025\/09\/IMG_5293-150x150.jpg 150w\" sizes=\"(max-width: 150px) 100vw, 150px\" \/><\/a>\n\t\t\t<\/dt><\/dl><dl class='gallery-item'>\n\t\t\t<dt class='gallery-icon portrait'>\n\t\t\t\t<a data-rel=\"iLightbox[postimages]\" data-title=\"IMG_5292\" data-caption=\"\" href='https:\/\/consultadisabili.fvg.it\/?attachment_id=5545'><img width=\"150\" height=\"150\" src=\"https:\/\/consultadisabili.fvg.it\/wp-content\/uploads\/2025\/09\/IMG_5292-150x150.jpg\" class=\"attachment-thumbnail size-thumbnail\" alt=\"\" srcset=\"https:\/\/consultadisabili.fvg.it\/wp-content\/uploads\/2025\/09\/IMG_5292-66x66.jpg 66w, https:\/\/consultadisabili.fvg.it\/wp-content\/uploads\/2025\/09\/IMG_5292-150x150.jpg 150w\" sizes=\"(max-width: 150px) 100vw, 150px\" \/><\/a>\n\t\t\t<\/dt><\/dl><br style=\"clear: both\" \/><dl class='gallery-item'>\n\t\t\t<dt class='gallery-icon portrait'>\n\t\t\t\t<a data-rel=\"iLightbox[postimages]\" data-title=\"IMG_5291\" data-caption=\"\" href='https:\/\/consultadisabili.fvg.it\/?attachment_id=5544'><img width=\"150\" height=\"150\" src=\"https:\/\/consultadisabili.fvg.it\/wp-content\/uploads\/2025\/09\/IMG_5291-150x150.jpg\" class=\"attachment-thumbnail size-thumbnail\" alt=\"\" srcset=\"https:\/\/consultadisabili.fvg.it\/wp-content\/uploads\/2025\/09\/IMG_5291-66x66.jpg 66w, https:\/\/consultadisabili.fvg.it\/wp-content\/uploads\/2025\/09\/IMG_5291-150x150.jpg 150w\" sizes=\"(max-width: 150px) 100vw, 150px\" \/><\/a>\n\t\t\t<\/dt><\/dl><dl class='gallery-item'>\n\t\t\t<dt class='gallery-icon portrait'>\n\t\t\t\t<a data-rel=\"iLightbox[postimages]\" data-title=\"IMG_5290\" data-caption=\"\" href='https:\/\/consultadisabili.fvg.it\/?attachment_id=5543'><img width=\"150\" height=\"150\" src=\"https:\/\/consultadisabili.fvg.it\/wp-content\/uploads\/2025\/09\/IMG_5290-150x150.jpg\" class=\"attachment-thumbnail size-thumbnail\" alt=\"\" srcset=\"https:\/\/consultadisabili.fvg.it\/wp-content\/uploads\/2025\/09\/IMG_5290-66x66.jpg 66w, https:\/\/consultadisabili.fvg.it\/wp-content\/uploads\/2025\/09\/IMG_5290-150x150.jpg 150w\" sizes=\"(max-width: 150px) 100vw, 150px\" \/><\/a>\n\t\t\t<\/dt><\/dl><dl class='gallery-item'>\n\t\t\t<dt class='gallery-icon portrait'>\n\t\t\t\t<a data-rel=\"iLightbox[postimages]\" data-title=\"IMG_5289\" data-caption=\"\" href='https:\/\/consultadisabili.fvg.it\/?attachment_id=5542'><img width=\"150\" height=\"150\" src=\"https:\/\/consultadisabili.fvg.it\/wp-content\/uploads\/2025\/09\/IMG_5289-150x150.jpg\" class=\"attachment-thumbnail size-thumbnail\" alt=\"\" srcset=\"https:\/\/consultadisabili.fvg.it\/wp-content\/uploads\/2025\/09\/IMG_5289-66x66.jpg 66w, https:\/\/consultadisabili.fvg.it\/wp-content\/uploads\/2025\/09\/IMG_5289-150x150.jpg 150w\" sizes=\"(max-width: 150px) 100vw, 150px\" \/><\/a>\n\t\t\t<\/dt><\/dl><br style=\"clear: both\" \/><dl class='gallery-item'>\n\t\t\t<dt class='gallery-icon portrait'>\n\t\t\t\t<a data-rel=\"iLightbox[postimages]\" data-title=\"IMG_5288\" data-caption=\"\" href='https:\/\/consultadisabili.fvg.it\/?attachment_id=5541'><img width=\"150\" height=\"150\" src=\"https:\/\/consultadisabili.fvg.it\/wp-content\/uploads\/2025\/09\/IMG_5288-150x150.jpg\" class=\"attachment-thumbnail size-thumbnail\" alt=\"\" srcset=\"https:\/\/consultadisabili.fvg.it\/wp-content\/uploads\/2025\/09\/IMG_5288-66x66.jpg 66w, https:\/\/consultadisabili.fvg.it\/wp-content\/uploads\/2025\/09\/IMG_5288-150x150.jpg 150w\" sizes=\"(max-width: 150px) 100vw, 150px\" \/><\/a>\n\t\t\t<\/dt><\/dl><dl class='gallery-item'>\n\t\t\t<dt class='gallery-icon portrait'>\n\t\t\t\t<a data-rel=\"iLightbox[postimages]\" data-title=\"IMG_5287\" data-caption=\"\" href='https:\/\/consultadisabili.fvg.it\/?attachment_id=5540'><img width=\"150\" height=\"150\" src=\"https:\/\/consultadisabili.fvg.it\/wp-content\/uploads\/2025\/09\/IMG_5287-150x150.jpg\" class=\"attachment-thumbnail size-thumbnail\" alt=\"\" srcset=\"https:\/\/consultadisabili.fvg.it\/wp-content\/uploads\/2025\/09\/IMG_5287-66x66.jpg 66w, https:\/\/consultadisabili.fvg.it\/wp-content\/uploads\/2025\/09\/IMG_5287-150x150.jpg 150w\" sizes=\"(max-width: 150px) 100vw, 150px\" \/><\/a>\n\t\t\t<\/dt><\/dl><dl class='gallery-item'>\n\t\t\t<dt class='gallery-icon portrait'>\n\t\t\t\t<a data-rel=\"iLightbox[postimages]\" data-title=\"IMG_5286\" data-caption=\"\" href='https:\/\/consultadisabili.fvg.it\/?attachment_id=5539'><img width=\"150\" height=\"150\" src=\"https:\/\/consultadisabili.fvg.it\/wp-content\/uploads\/2025\/09\/IMG_5286-150x150.jpg\" class=\"attachment-thumbnail size-thumbnail\" alt=\"\" srcset=\"https:\/\/consultadisabili.fvg.it\/wp-content\/uploads\/2025\/09\/IMG_5286-66x66.jpg 66w, https:\/\/consultadisabili.fvg.it\/wp-content\/uploads\/2025\/09\/IMG_5286-150x150.jpg 150w\" sizes=\"(max-width: 150px) 100vw, 150px\" \/><\/a>\n\t\t\t<\/dt><\/dl><br style=\"clear: both\" \/><dl class='gallery-item'>\n\t\t\t<dt class='gallery-icon portrait'>\n\t\t\t\t<a data-rel=\"iLightbox[postimages]\" data-title=\"IMG_5285\" data-caption=\"\" href='https:\/\/consultadisabili.fvg.it\/?attachment_id=5538'><img width=\"150\" height=\"150\" src=\"https:\/\/consultadisabili.fvg.it\/wp-content\/uploads\/2025\/09\/IMG_5285-150x150.jpg\" class=\"attachment-thumbnail size-thumbnail\" alt=\"\" srcset=\"https:\/\/consultadisabili.fvg.it\/wp-content\/uploads\/2025\/09\/IMG_5285-66x66.jpg 66w, https:\/\/consultadisabili.fvg.it\/wp-content\/uploads\/2025\/09\/IMG_5285-150x150.jpg 150w\" sizes=\"(max-width: 150px) 100vw, 150px\" \/><\/a>\n\t\t\t<\/dt><\/dl><dl class='gallery-item'>\n\t\t\t<dt class='gallery-icon portrait'>\n\t\t\t\t<a data-rel=\"iLightbox[postimages]\" data-title=\"IMG_5284\" data-caption=\"\" href='https:\/\/consultadisabili.fvg.it\/?attachment_id=5537'><img width=\"150\" height=\"150\" src=\"https:\/\/consultadisabili.fvg.it\/wp-content\/uploads\/2025\/09\/IMG_5284-150x150.jpg\" class=\"attachment-thumbnail size-thumbnail\" alt=\"\" srcset=\"https:\/\/consultadisabili.fvg.it\/wp-content\/uploads\/2025\/09\/IMG_5284-66x66.jpg 66w, https:\/\/consultadisabili.fvg.it\/wp-content\/uploads\/2025\/09\/IMG_5284-150x150.jpg 150w\" sizes=\"(max-width: 150px) 100vw, 150px\" \/><\/a>\n\t\t\t<\/dt><\/dl><dl class='gallery-item'>\n\t\t\t<dt class='gallery-icon portrait'>\n\t\t\t\t<a data-rel=\"iLightbox[postimages]\" data-title=\"IMG_5283\" data-caption=\"\" href='https:\/\/consultadisabili.fvg.it\/?attachment_id=5536'><img width=\"150\" height=\"150\" src=\"https:\/\/consultadisabili.fvg.it\/wp-content\/uploads\/2025\/09\/IMG_5283-150x150.jpg\" class=\"attachment-thumbnail size-thumbnail\" alt=\"\" srcset=\"https:\/\/consultadisabili.fvg.it\/wp-content\/uploads\/2025\/09\/IMG_5283-66x66.jpg 66w, https:\/\/consultadisabili.fvg.it\/wp-content\/uploads\/2025\/09\/IMG_5283-150x150.jpg 150w\" sizes=\"(max-width: 150px) 100vw, 150px\" \/><\/a>\n\t\t\t<\/dt><\/dl><br style=\"clear: both\" \/><dl class='gallery-item'>\n\t\t\t<dt class='gallery-icon landscape'>\n\t\t\t\t<a data-rel=\"iLightbox[postimages]\" data-title=\"IMG_5281\" data-caption=\"\" href='https:\/\/consultadisabili.fvg.it\/?attachment_id=5535'><img width=\"150\" height=\"150\" src=\"https:\/\/consultadisabili.fvg.it\/wp-content\/uploads\/2025\/09\/IMG_5281-150x150.jpg\" class=\"attachment-thumbnail size-thumbnail\" alt=\"\" srcset=\"https:\/\/consultadisabili.fvg.it\/wp-content\/uploads\/2025\/09\/IMG_5281-66x66.jpg 66w, https:\/\/consultadisabili.fvg.it\/wp-content\/uploads\/2025\/09\/IMG_5281-150x150.jpg 150w\" sizes=\"(max-width: 150px) 100vw, 150px\" \/><\/a>\n\t\t\t<\/dt><\/dl><dl class='gallery-item'>\n\t\t\t<dt class='gallery-icon landscape'>\n\t\t\t\t<a data-rel=\"iLightbox[postimages]\" data-title=\"IMG_5279\" data-caption=\"\" href='https:\/\/consultadisabili.fvg.it\/?attachment_id=5533'><img width=\"150\" height=\"150\" src=\"https:\/\/consultadisabili.fvg.it\/wp-content\/uploads\/2025\/09\/IMG_5279-150x150.jpg\" class=\"attachment-thumbnail size-thumbnail\" alt=\"\" srcset=\"https:\/\/consultadisabili.fvg.it\/wp-content\/uploads\/2025\/09\/IMG_5279-66x66.jpg 66w, https:\/\/consultadisabili.fvg.it\/wp-content\/uploads\/2025\/09\/IMG_5279-150x150.jpg 150w\" sizes=\"(max-width: 150px) 100vw, 150px\" \/><\/a>\n\t\t\t<\/dt><\/dl><dl class='gallery-item'>\n\t\t\t<dt class='gallery-icon landscape'>\n\t\t\t\t<a data-rel=\"iLightbox[postimages]\" data-title=\"IMG_5278\" data-caption=\"\" href='https:\/\/consultadisabili.fvg.it\/?attachment_id=5532'><img width=\"150\" height=\"150\" src=\"https:\/\/consultadisabili.fvg.it\/wp-content\/uploads\/2025\/09\/IMG_5278-150x150.jpg\" class=\"attachment-thumbnail size-thumbnail\" alt=\"\" srcset=\"https:\/\/consultadisabili.fvg.it\/wp-content\/uploads\/2025\/09\/IMG_5278-66x66.jpg 66w, https:\/\/consultadisabili.fvg.it\/wp-content\/uploads\/2025\/09\/IMG_5278-150x150.jpg 150w\" sizes=\"(max-width: 150px) 100vw, 150px\" \/><\/a>\n\t\t\t<\/dt><\/dl><br style=\"clear: both\" \/><dl class='gallery-item'>\n\t\t\t<dt class='gallery-icon landscape'>\n\t\t\t\t<a data-rel=\"iLightbox[postimages]\" data-title=\"IMG_5276\" data-caption=\"\" href='https:\/\/consultadisabili.fvg.it\/?attachment_id=5530'><img width=\"150\" height=\"150\" src=\"https:\/\/consultadisabili.fvg.it\/wp-content\/uploads\/2025\/09\/IMG_5276-150x150.jpg\" class=\"attachment-thumbnail size-thumbnail\" alt=\"\" srcset=\"https:\/\/consultadisabili.fvg.it\/wp-content\/uploads\/2025\/09\/IMG_5276-66x66.jpg 66w, https:\/\/consultadisabili.fvg.it\/wp-content\/uploads\/2025\/09\/IMG_5276-150x150.jpg 150w\" sizes=\"(max-width: 150px) 100vw, 150px\" \/><\/a>\n\t\t\t<\/dt><\/dl><dl class='gallery-item'>\n\t\t\t<dt class='gallery-icon landscape'>\n\t\t\t\t<a data-rel=\"iLightbox[postimages]\" data-title=\"IMG_5275\" data-caption=\"\" href='https:\/\/consultadisabili.fvg.it\/?attachment_id=5529'><img width=\"150\" height=\"150\" src=\"https:\/\/consultadisabili.fvg.it\/wp-content\/uploads\/2025\/09\/IMG_5275-150x150.jpg\" class=\"attachment-thumbnail size-thumbnail\" alt=\"\" srcset=\"https:\/\/consultadisabili.fvg.it\/wp-content\/uploads\/2025\/09\/IMG_5275-66x66.jpg 66w, https:\/\/consultadisabili.fvg.it\/wp-content\/uploads\/2025\/09\/IMG_5275-150x150.jpg 150w\" sizes=\"(max-width: 150px) 100vw, 150px\" \/><\/a>\n\t\t\t<\/dt><\/dl><dl class='gallery-item'>\n\t\t\t<dt class='gallery-icon landscape'>\n\t\t\t\t<a data-rel=\"iLightbox[postimages]\" data-title=\"IMG_5274\" data-caption=\"\" href='https:\/\/consultadisabili.fvg.it\/?attachment_id=5528'><img width=\"150\" height=\"150\" src=\"https:\/\/consultadisabili.fvg.it\/wp-content\/uploads\/2025\/09\/IMG_5274-150x150.jpg\" class=\"attachment-thumbnail size-thumbnail\" alt=\"\" srcset=\"https:\/\/consultadisabili.fvg.it\/wp-content\/uploads\/2025\/09\/IMG_5274-66x66.jpg 66w, https:\/\/consultadisabili.fvg.it\/wp-content\/uploads\/2025\/09\/IMG_5274-150x150.jpg 150w\" sizes=\"(max-width: 150px) 100vw, 150px\" \/><\/a>\n\t\t\t<\/dt><\/dl><br style=\"clear: both\" \/><dl class='gallery-item'>\n\t\t\t<dt class='gallery-icon landscape'>\n\t\t\t\t<a data-rel=\"iLightbox[postimages]\" data-title=\"IMG_5273\" data-caption=\"\" href='https:\/\/consultadisabili.fvg.it\/?attachment_id=5527'><img width=\"150\" height=\"150\" src=\"https:\/\/consultadisabili.fvg.it\/wp-content\/uploads\/2025\/09\/IMG_5273-150x150.jpg\" class=\"attachment-thumbnail size-thumbnail\" alt=\"\" srcset=\"https:\/\/consultadisabili.fvg.it\/wp-content\/uploads\/2025\/09\/IMG_5273-66x66.jpg 66w, https:\/\/consultadisabili.fvg.it\/wp-content\/uploads\/2025\/09\/IMG_5273-150x150.jpg 150w\" sizes=\"(max-width: 150px) 100vw, 150px\" \/><\/a>\n\t\t\t<\/dt><\/dl><dl class='gallery-item'>\n\t\t\t<dt class='gallery-icon portrait'>\n\t\t\t\t<a data-rel=\"iLightbox[postimages]\" data-title=\"IMG_5271\" data-caption=\"\" href='https:\/\/consultadisabili.fvg.it\/?attachment_id=5525'><img width=\"150\" height=\"150\" src=\"https:\/\/consultadisabili.fvg.it\/wp-content\/uploads\/2025\/09\/IMG_5271-150x150.jpg\" class=\"attachment-thumbnail size-thumbnail\" alt=\"\" srcset=\"https:\/\/consultadisabili.fvg.it\/wp-content\/uploads\/2025\/09\/IMG_5271-66x66.jpg 66w, https:\/\/consultadisabili.fvg.it\/wp-content\/uploads\/2025\/09\/IMG_5271-150x150.jpg 150w\" sizes=\"(max-width: 150px) 100vw, 150px\" \/><\/a>\n\t\t\t<\/dt><\/dl><dl class='gallery-item'>\n\t\t\t<dt class='gallery-icon portrait'>\n\t\t\t\t<a data-rel=\"iLightbox[postimages]\" data-title=\"IMG_5270\" data-caption=\"\" href='https:\/\/consultadisabili.fvg.it\/?attachment_id=5524'><img width=\"150\" height=\"150\" src=\"https:\/\/consultadisabili.fvg.it\/wp-content\/uploads\/2025\/09\/IMG_5270-150x150.jpg\" class=\"attachment-thumbnail size-thumbnail\" alt=\"\" srcset=\"https:\/\/consultadisabili.fvg.it\/wp-content\/uploads\/2025\/09\/IMG_5270-66x66.jpg 66w, https:\/\/consultadisabili.fvg.it\/wp-content\/uploads\/2025\/09\/IMG_5270-150x150.jpg 150w\" sizes=\"(max-width: 150px) 100vw, 150px\" \/><\/a>\n\t\t\t<\/dt><\/dl><br style=\"clear: both\" \/><dl class='gallery-item'>\n\t\t\t<dt class='gallery-icon portrait'>\n\t\t\t\t<a data-rel=\"iLightbox[postimages]\" data-title=\"IMG_5269\" data-caption=\"\" href='https:\/\/consultadisabili.fvg.it\/?attachment_id=5523'><img width=\"150\" height=\"150\" src=\"https:\/\/consultadisabili.fvg.it\/wp-content\/uploads\/2025\/09\/IMG_5269-150x150.jpg\" class=\"attachment-thumbnail size-thumbnail\" alt=\"\" srcset=\"https:\/\/consultadisabili.fvg.it\/wp-content\/uploads\/2025\/09\/IMG_5269-66x66.jpg 66w, https:\/\/consultadisabili.fvg.it\/wp-content\/uploads\/2025\/09\/IMG_5269-150x150.jpg 150w\" sizes=\"(max-width: 150px) 100vw, 150px\" \/><\/a>\n\t\t\t<\/dt><\/dl><dl class='gallery-item'>\n\t\t\t<dt class='gallery-icon portrait'>\n\t\t\t\t<a data-rel=\"iLightbox[postimages]\" data-title=\"IMG_5268\" data-caption=\"\" href='https:\/\/consultadisabili.fvg.it\/?attachment_id=5522'><img width=\"150\" height=\"150\" src=\"https:\/\/consultadisabili.fvg.it\/wp-content\/uploads\/2025\/09\/IMG_5268-150x150.jpg\" class=\"attachment-thumbnail size-thumbnail\" alt=\"\" srcset=\"https:\/\/consultadisabili.fvg.it\/wp-content\/uploads\/2025\/09\/IMG_5268-66x66.jpg 66w, https:\/\/consultadisabili.fvg.it\/wp-content\/uploads\/2025\/09\/IMG_5268-150x150.jpg 150w\" sizes=\"(max-width: 150px) 100vw, 150px\" \/><\/a>\n\t\t\t<\/dt><\/dl><dl class='gallery-item'>\n\t\t\t<dt class='gallery-icon portrait'>\n\t\t\t\t<a data-rel=\"iLightbox[postimages]\" data-title=\"IMG_5267\" data-caption=\"\" href='https:\/\/consultadisabili.fvg.it\/?attachment_id=5521'><img width=\"150\" height=\"150\" src=\"https:\/\/consultadisabili.fvg.it\/wp-content\/uploads\/2025\/09\/IMG_5267-150x150.jpg\" class=\"attachment-thumbnail size-thumbnail\" alt=\"\" srcset=\"https:\/\/consultadisabili.fvg.it\/wp-content\/uploads\/2025\/09\/IMG_5267-66x66.jpg 66w, https:\/\/consultadisabili.fvg.it\/wp-content\/uploads\/2025\/09\/IMG_5267-150x150.jpg 150w\" sizes=\"(max-width: 150px) 100vw, 150px\" \/><\/a>\n\t\t\t<\/dt><\/dl><br style=\"clear: both\" \/><dl class='gallery-item'>\n\t\t\t<dt class='gallery-icon landscape'>\n\t\t\t\t<a data-rel=\"iLightbox[postimages]\" data-title=\"IMG_5266\" data-caption=\"\" href='https:\/\/consultadisabili.fvg.it\/?attachment_id=5520'><img width=\"150\" height=\"150\" src=\"https:\/\/consultadisabili.fvg.it\/wp-content\/uploads\/2025\/09\/IMG_5266-150x150.jpg\" class=\"attachment-thumbnail size-thumbnail\" alt=\"\" srcset=\"https:\/\/consultadisabili.fvg.it\/wp-content\/uploads\/2025\/09\/IMG_5266-66x66.jpg 66w, https:\/\/consultadisabili.fvg.it\/wp-content\/uploads\/2025\/09\/IMG_5266-150x150.jpg 150w\" sizes=\"(max-width: 150px) 100vw, 150px\" \/><\/a>\n\t\t\t<\/dt><\/dl><dl class='gallery-item'>\n\t\t\t<dt class='gallery-icon portrait'>\n\t\t\t\t<a data-rel=\"iLightbox[postimages]\" data-title=\"IMG_5264\" data-caption=\"\" href='https:\/\/consultadisabili.fvg.it\/?attachment_id=5519'><img width=\"150\" height=\"150\" src=\"https:\/\/consultadisabili.fvg.it\/wp-content\/uploads\/2025\/09\/IMG_5264-150x150.jpg\" class=\"attachment-thumbnail size-thumbnail\" alt=\"\" srcset=\"https:\/\/consultadisabili.fvg.it\/wp-content\/uploads\/2025\/09\/IMG_5264-66x66.jpg 66w, https:\/\/consultadisabili.fvg.it\/wp-content\/uploads\/2025\/09\/IMG_5264-150x150.jpg 150w\" sizes=\"(max-width: 150px) 100vw, 150px\" \/><\/a>\n\t\t\t<\/dt><\/dl><dl class='gallery-item'>\n\t\t\t<dt class='gallery-icon portrait'>\n\t\t\t\t<a data-rel=\"iLightbox[postimages]\" data-title=\"IMG_5262\" data-caption=\"\" href='https:\/\/consultadisabili.fvg.it\/?attachment_id=5518'><img width=\"150\" height=\"150\" src=\"https:\/\/consultadisabili.fvg.it\/wp-content\/uploads\/2025\/09\/IMG_5262-150x150.jpg\" class=\"attachment-thumbnail size-thumbnail\" alt=\"\" srcset=\"https:\/\/consultadisabili.fvg.it\/wp-content\/uploads\/2025\/09\/IMG_5262-66x66.jpg 66w, https:\/\/consultadisabili.fvg.it\/wp-content\/uploads\/2025\/09\/IMG_5262-150x150.jpg 150w\" sizes=\"(max-width: 150px) 100vw, 150px\" \/><\/a>\n\t\t\t<\/dt><\/dl><br style=\"clear: both\" \/><dl class='gallery-item'>\n\t\t\t<dt class='gallery-icon landscape'>\n\t\t\t\t<a data-rel=\"iLightbox[postimages]\" data-title=\"IMG_5261\" data-caption=\"\" href='https:\/\/consultadisabili.fvg.it\/?attachment_id=5517'><img width=\"150\" height=\"150\" src=\"https:\/\/consultadisabili.fvg.it\/wp-content\/uploads\/2025\/09\/IMG_5261-150x150.jpg\" class=\"attachment-thumbnail size-thumbnail\" alt=\"\" srcset=\"https:\/\/consultadisabili.fvg.it\/wp-content\/uploads\/2025\/09\/IMG_5261-66x66.jpg 66w, https:\/\/consultadisabili.fvg.it\/wp-content\/uploads\/2025\/09\/IMG_5261-150x150.jpg 150w\" sizes=\"(max-width: 150px) 100vw, 150px\" \/><\/a>\n\t\t\t<\/dt><\/dl><dl class='gallery-item'>\n\t\t\t<dt class='gallery-icon landscape'>\n\t\t\t\t<a data-rel=\"iLightbox[postimages]\" data-title=\"IMG_5260\" data-caption=\"\" href='https:\/\/consultadisabili.fvg.it\/?attachment_id=5516'><img width=\"150\" height=\"150\" src=\"https:\/\/consultadisabili.fvg.it\/wp-content\/uploads\/2025\/09\/IMG_5260-150x150.jpg\" class=\"attachment-thumbnail size-thumbnail\" alt=\"\" srcset=\"https:\/\/consultadisabili.fvg.it\/wp-content\/uploads\/2025\/09\/IMG_5260-66x66.jpg 66w, https:\/\/consultadisabili.fvg.it\/wp-content\/uploads\/2025\/09\/IMG_5260-150x150.jpg 150w\" sizes=\"(max-width: 150px) 100vw, 150px\" \/><\/a>\n\t\t\t<\/dt><\/dl><dl class='gallery-item'>\n\t\t\t<dt class='gallery-icon portrait'>\n\t\t\t\t<a data-rel=\"iLightbox[postimages]\" data-title=\"IMG_5254\" data-caption=\"\" href='https:\/\/consultadisabili.fvg.it\/?attachment_id=5515'><img width=\"150\" height=\"150\" src=\"https:\/\/consultadisabili.fvg.it\/wp-content\/uploads\/2025\/09\/IMG_5254-150x150.jpg\" class=\"attachment-thumbnail size-thumbnail\" alt=\"\" srcset=\"https:\/\/consultadisabili.fvg.it\/wp-content\/uploads\/2025\/09\/IMG_5254-66x66.jpg 66w, https:\/\/consultadisabili.fvg.it\/wp-content\/uploads\/2025\/09\/IMG_5254-150x150.jpg 150w\" sizes=\"(max-width: 150px) 100vw, 150px\" \/><\/a>\n\t\t\t<\/dt><\/dl><br style=\"clear: both\" \/><dl class='gallery-item'>\n\t\t\t<dt class='gallery-icon portrait'>\n\t\t\t\t<a data-rel=\"iLightbox[postimages]\" data-title=\"IMG_5253\" data-caption=\"\" href='https:\/\/consultadisabili.fvg.it\/?attachment_id=5514'><img width=\"150\" height=\"150\" src=\"https:\/\/consultadisabili.fvg.it\/wp-content\/uploads\/2025\/09\/IMG_5253-150x150.jpg\" class=\"attachment-thumbnail size-thumbnail\" alt=\"\" srcset=\"https:\/\/consultadisabili.fvg.it\/wp-content\/uploads\/2025\/09\/IMG_5253-66x66.jpg 66w, https:\/\/consultadisabili.fvg.it\/wp-content\/uploads\/2025\/09\/IMG_5253-150x150.jpg 150w\" sizes=\"(max-width: 150px) 100vw, 150px\" \/><\/a>\n\t\t\t<\/dt><\/dl><dl class='gallery-item'>\n\t\t\t<dt class='gallery-icon portrait'>\n\t\t\t\t<a data-rel=\"iLightbox[postimages]\" data-title=\"IMG_5252\" data-caption=\"\" href='https:\/\/consultadisabili.fvg.it\/?attachment_id=5513'><img width=\"150\" height=\"150\" src=\"https:\/\/consultadisabili.fvg.it\/wp-content\/uploads\/2025\/09\/IMG_5252-150x150.jpg\" class=\"attachment-thumbnail size-thumbnail\" alt=\"\" srcset=\"https:\/\/consultadisabili.fvg.it\/wp-content\/uploads\/2025\/09\/IMG_5252-66x66.jpg 66w, https:\/\/consultadisabili.fvg.it\/wp-content\/uploads\/2025\/09\/IMG_5252-150x150.jpg 150w\" sizes=\"(max-width: 150px) 100vw, 150px\" \/><\/a>\n\t\t\t<\/dt><\/dl><dl class='gallery-item'>\n\t\t\t<dt class='gallery-icon portrait'>\n\t\t\t\t<a data-rel=\"iLightbox[postimages]\" data-title=\"IMG_5251\" data-caption=\"\" href='https:\/\/consultadisabili.fvg.it\/?attachment_id=5512'><img width=\"150\" height=\"150\" src=\"https:\/\/consultadisabili.fvg.it\/wp-content\/uploads\/2025\/09\/IMG_5251-150x150.jpg\" class=\"attachment-thumbnail size-thumbnail\" alt=\"\" srcset=\"https:\/\/consultadisabili.fvg.it\/wp-content\/uploads\/2025\/09\/IMG_5251-66x66.jpg 66w, https:\/\/consultadisabili.fvg.it\/wp-content\/uploads\/2025\/09\/IMG_5251-150x150.jpg 150w\" sizes=\"(max-width: 150px) 100vw, 150px\" \/><\/a>\n\t\t\t<\/dt><\/dl><br style=\"clear: both\" \/><dl class='gallery-item'>\n\t\t\t<dt class='gallery-icon portrait'>\n\t\t\t\t<a data-rel=\"iLightbox[postimages]\" data-title=\"IMG_5250\" data-caption=\"\" href='https:\/\/consultadisabili.fvg.it\/?attachment_id=5511'><img width=\"150\" height=\"150\" src=\"https:\/\/consultadisabili.fvg.it\/wp-content\/uploads\/2025\/09\/IMG_5250-150x150.jpg\" class=\"attachment-thumbnail size-thumbnail\" alt=\"\" srcset=\"https:\/\/consultadisabili.fvg.it\/wp-content\/uploads\/2025\/09\/IMG_5250-66x66.jpg 66w, https:\/\/consultadisabili.fvg.it\/wp-content\/uploads\/2025\/09\/IMG_5250-150x150.jpg 150w\" sizes=\"(max-width: 150px) 100vw, 150px\" \/><\/a>\n\t\t\t<\/dt><\/dl><dl class='gallery-item'>\n\t\t\t<dt class='gallery-icon portrait'>\n\t\t\t\t<a data-rel=\"iLightbox[postimages]\" data-title=\"IMG_5249\" data-caption=\"\" href='https:\/\/consultadisabili.fvg.it\/?attachment_id=5510'><img width=\"150\" height=\"150\" src=\"https:\/\/consultadisabili.fvg.it\/wp-content\/uploads\/2025\/09\/IMG_5249-150x150.jpg\" class=\"attachment-thumbnail size-thumbnail\" alt=\"\" srcset=\"https:\/\/consultadisabili.fvg.it\/wp-content\/uploads\/2025\/09\/IMG_5249-66x66.jpg 66w, https:\/\/consultadisabili.fvg.it\/wp-content\/uploads\/2025\/09\/IMG_5249-150x150.jpg 150w\" sizes=\"(max-width: 150px) 100vw, 150px\" \/><\/a>\n\t\t\t<\/dt><\/dl><dl class='gallery-item'>\n\t\t\t<dt class='gallery-icon portrait'>\n\t\t\t\t<a data-rel=\"iLightbox[postimages]\" data-title=\"IMG_5247\" data-caption=\"\" href='https:\/\/consultadisabili.fvg.it\/?attachment_id=5509'><img width=\"150\" height=\"150\" src=\"https:\/\/consultadisabili.fvg.it\/wp-content\/uploads\/2025\/09\/IMG_5247-150x150.jpg\" class=\"attachment-thumbnail size-thumbnail\" alt=\"\" srcset=\"https:\/\/consultadisabili.fvg.it\/wp-content\/uploads\/2025\/09\/IMG_5247-66x66.jpg 66w, https:\/\/consultadisabili.fvg.it\/wp-content\/uploads\/2025\/09\/IMG_5247-150x150.jpg 150w\" sizes=\"(max-width: 150px) 100vw, 150px\" \/><\/a>\n\t\t\t<\/dt><\/dl><br style=\"clear: both\" \/><dl class='gallery-item'>\n\t\t\t<dt class='gallery-icon landscape'>\n\t\t\t\t<a data-rel=\"iLightbox[postimages]\" data-title=\"IMG_5245(1)\" data-caption=\"\" href='https:\/\/consultadisabili.fvg.it\/?attachment_id=5507'><img width=\"150\" height=\"150\" src=\"https:\/\/consultadisabili.fvg.it\/wp-content\/uploads\/2025\/09\/IMG_52451-150x150.jpg\" class=\"attachment-thumbnail size-thumbnail\" alt=\"\" srcset=\"https:\/\/consultadisabili.fvg.it\/wp-content\/uploads\/2025\/09\/IMG_52451-66x66.jpg 66w, https:\/\/consultadisabili.fvg.it\/wp-content\/uploads\/2025\/09\/IMG_52451-150x150.jpg 150w\" sizes=\"(max-width: 150px) 100vw, 150px\" \/><\/a>\n\t\t\t<\/dt><\/dl><dl class='gallery-item'>\n\t\t\t<dt class='gallery-icon portrait'>\n\t\t\t\t<a data-rel=\"iLightbox[postimages]\" data-title=\"IMG_5244\" data-caption=\"\" href='https:\/\/consultadisabili.fvg.it\/?attachment_id=5506'><img width=\"150\" height=\"150\" src=\"https:\/\/consultadisabili.fvg.it\/wp-content\/uploads\/2025\/09\/IMG_5244-150x150.jpg\" class=\"attachment-thumbnail size-thumbnail\" alt=\"\" srcset=\"https:\/\/consultadisabili.fvg.it\/wp-content\/uploads\/2025\/09\/IMG_5244-66x66.jpg 66w, https:\/\/consultadisabili.fvg.it\/wp-content\/uploads\/2025\/09\/IMG_5244-150x150.jpg 150w\" sizes=\"(max-width: 150px) 100vw, 150px\" \/><\/a>\n\t\t\t<\/dt><\/dl><dl class='gallery-item'>\n\t\t\t<dt class='gallery-icon landscape'>\n\t\t\t\t<a data-rel=\"iLightbox[postimages]\" data-title=\"IMG_5243\" data-caption=\"\" href='https:\/\/consultadisabili.fvg.it\/?attachment_id=5505'><img width=\"150\" height=\"150\" src=\"https:\/\/consultadisabili.fvg.it\/wp-content\/uploads\/2025\/09\/IMG_5243-150x150.jpg\" class=\"attachment-thumbnail size-thumbnail\" alt=\"\" srcset=\"https:\/\/consultadisabili.fvg.it\/wp-content\/uploads\/2025\/09\/IMG_5243-66x66.jpg 66w, https:\/\/consultadisabili.fvg.it\/wp-content\/uploads\/2025\/09\/IMG_5243-150x150.jpg 150w\" sizes=\"(max-width: 150px) 100vw, 150px\" \/><\/a>\n\t\t\t<\/dt><\/dl><br style=\"clear: both\" \/><dl class='gallery-item'>\n\t\t\t<dt class='gallery-icon landscape'>\n\t\t\t\t<a data-rel=\"iLightbox[postimages]\" data-title=\"IMG_5242\" data-caption=\"\" href='https:\/\/consultadisabili.fvg.it\/?attachment_id=5504'><img width=\"150\" height=\"150\" src=\"https:\/\/consultadisabili.fvg.it\/wp-content\/uploads\/2025\/09\/IMG_5242-150x150.jpg\" class=\"attachment-thumbnail size-thumbnail\" alt=\"\" srcset=\"https:\/\/consultadisabili.fvg.it\/wp-content\/uploads\/2025\/09\/IMG_5242-66x66.jpg 66w, https:\/\/consultadisabili.fvg.it\/wp-content\/uploads\/2025\/09\/IMG_5242-150x150.jpg 150w\" sizes=\"(max-width: 150px) 100vw, 150px\" \/><\/a>\n\t\t\t<\/dt><\/dl><dl class='gallery-item'>\n\t\t\t<dt class='gallery-icon portrait'>\n\t\t\t\t<a data-rel=\"iLightbox[postimages]\" data-title=\"IMG_5241\" data-caption=\"\" href='https:\/\/consultadisabili.fvg.it\/?attachment_id=5503'><img width=\"150\" height=\"150\" src=\"https:\/\/consultadisabili.fvg.it\/wp-content\/uploads\/2025\/09\/IMG_5241-150x150.jpg\" class=\"attachment-thumbnail size-thumbnail\" alt=\"\" srcset=\"https:\/\/consultadisabili.fvg.it\/wp-content\/uploads\/2025\/09\/IMG_5241-66x66.jpg 66w, https:\/\/consultadisabili.fvg.it\/wp-content\/uploads\/2025\/09\/IMG_5241-150x150.jpg 150w\" sizes=\"(max-width: 150px) 100vw, 150px\" \/><\/a>\n\t\t\t<\/dt><\/dl><dl class='gallery-item'>\n\t\t\t<dt class='gallery-icon landscape'>\n\t\t\t\t<a data-rel=\"iLightbox[postimages]\" data-title=\"IMG_5240\" data-caption=\"\" href='https:\/\/consultadisabili.fvg.it\/?attachment_id=5502'><img width=\"150\" height=\"150\" src=\"https:\/\/consultadisabili.fvg.it\/wp-content\/uploads\/2025\/09\/IMG_5240-150x150.jpg\" class=\"attachment-thumbnail size-thumbnail\" alt=\"\" srcset=\"https:\/\/consultadisabili.fvg.it\/wp-content\/uploads\/2025\/09\/IMG_5240-66x66.jpg 66w, https:\/\/consultadisabili.fvg.it\/wp-content\/uploads\/2025\/09\/IMG_5240-150x150.jpg 150w\" sizes=\"(max-width: 150px) 100vw, 150px\" \/><\/a>\n\t\t\t<\/dt><\/dl><br style=\"clear: both\" \/><dl class='gallery-item'>\n\t\t\t<dt class='gallery-icon landscape'>\n\t\t\t\t<a data-rel=\"iLightbox[postimages]\" data-title=\"IMG_5239\" data-caption=\"\" href='https:\/\/consultadisabili.fvg.it\/?attachment_id=5501'><img width=\"150\" height=\"150\" src=\"https:\/\/consultadisabili.fvg.it\/wp-content\/uploads\/2025\/09\/IMG_5239-150x150.jpg\" class=\"attachment-thumbnail size-thumbnail\" alt=\"\" srcset=\"https:\/\/consultadisabili.fvg.it\/wp-content\/uploads\/2025\/09\/IMG_5239-66x66.jpg 66w, https:\/\/consultadisabili.fvg.it\/wp-content\/uploads\/2025\/09\/IMG_5239-150x150.jpg 150w\" sizes=\"(max-width: 150px) 100vw, 150px\" \/><\/a>\n\t\t\t<\/dt><\/dl><dl class='gallery-item'>\n\t\t\t<dt class='gallery-icon landscape'>\n\t\t\t\t<a data-rel=\"iLightbox[postimages]\" data-title=\"IMG_5238\" data-caption=\"\" href='https:\/\/consultadisabili.fvg.it\/?attachment_id=5500'><img width=\"150\" height=\"150\" src=\"https:\/\/consultadisabili.fvg.it\/wp-content\/uploads\/2025\/09\/IMG_5238-150x150.jpg\" class=\"attachment-thumbnail size-thumbnail\" alt=\"\" srcset=\"https:\/\/consultadisabili.fvg.it\/wp-content\/uploads\/2025\/09\/IMG_5238-66x66.jpg 66w, https:\/\/consultadisabili.fvg.it\/wp-content\/uploads\/2025\/09\/IMG_5238-150x150.jpg 150w\" sizes=\"(max-width: 150px) 100vw, 150px\" \/><\/a>\n\t\t\t<\/dt><\/dl><dl class='gallery-item'>\n\t\t\t<dt class='gallery-icon landscape'>\n\t\t\t\t<a data-rel=\"iLightbox[postimages]\" data-title=\"IMG_5237\" data-caption=\"\" href='https:\/\/consultadisabili.fvg.it\/?attachment_id=5499'><img width=\"150\" height=\"150\" src=\"https:\/\/consultadisabili.fvg.it\/wp-content\/uploads\/2025\/09\/IMG_5237-150x150.jpg\" class=\"attachment-thumbnail size-thumbnail\" alt=\"\" srcset=\"https:\/\/consultadisabili.fvg.it\/wp-content\/uploads\/2025\/09\/IMG_5237-66x66.jpg 66w, https:\/\/consultadisabili.fvg.it\/wp-content\/uploads\/2025\/09\/IMG_5237-150x150.jpg 150w\" sizes=\"(max-width: 150px) 100vw, 150px\" \/><\/a>\n\t\t\t<\/dt><\/dl><br style=\"clear: both\" \/><dl class='gallery-item'>\n\t\t\t<dt class='gallery-icon portrait'>\n\t\t\t\t<a data-rel=\"iLightbox[postimages]\" data-title=\"IMG_5236\" data-caption=\"\" href='https:\/\/consultadisabili.fvg.it\/?attachment_id=5498'><img width=\"150\" height=\"150\" src=\"https:\/\/consultadisabili.fvg.it\/wp-content\/uploads\/2025\/09\/IMG_5236-150x150.jpg\" class=\"attachment-thumbnail size-thumbnail\" alt=\"\" srcset=\"https:\/\/consultadisabili.fvg.it\/wp-content\/uploads\/2025\/09\/IMG_5236-66x66.jpg 66w, https:\/\/consultadisabili.fvg.it\/wp-content\/uploads\/2025\/09\/IMG_5236-150x150.jpg 150w\" sizes=\"(max-width: 150px) 100vw, 150px\" \/><\/a>\n\t\t\t<\/dt><\/dl><dl class='gallery-item'>\n\t\t\t<dt class='gallery-icon portrait'>\n\t\t\t\t<a data-rel=\"iLightbox[postimages]\" data-title=\"IMG_5235\" data-caption=\"\" href='https:\/\/consultadisabili.fvg.it\/?attachment_id=5497'><img width=\"150\" height=\"150\" src=\"https:\/\/consultadisabili.fvg.it\/wp-content\/uploads\/2025\/09\/IMG_5235-150x150.jpg\" class=\"attachment-thumbnail size-thumbnail\" alt=\"\" srcset=\"https:\/\/consultadisabili.fvg.it\/wp-content\/uploads\/2025\/09\/IMG_5235-66x66.jpg 66w, https:\/\/consultadisabili.fvg.it\/wp-content\/uploads\/2025\/09\/IMG_5235-150x150.jpg 150w\" sizes=\"(max-width: 150px) 100vw, 150px\" \/><\/a>\n\t\t\t<\/dt><\/dl><dl class='gallery-item'>\n\t\t\t<dt class='gallery-icon portrait'>\n\t\t\t\t<a data-rel=\"iLightbox[postimages]\" data-title=\"IMG_5234\" data-caption=\"\" href='https:\/\/consultadisabili.fvg.it\/?attachment_id=5496'><img width=\"150\" height=\"150\" src=\"https:\/\/consultadisabili.fvg.it\/wp-content\/uploads\/2025\/09\/IMG_5234-150x150.jpg\" class=\"attachment-thumbnail size-thumbnail\" alt=\"\" srcset=\"https:\/\/consultadisabili.fvg.it\/wp-content\/uploads\/2025\/09\/IMG_5234-66x66.jpg 66w, https:\/\/consultadisabili.fvg.it\/wp-content\/uploads\/2025\/09\/IMG_5234-150x150.jpg 150w\" sizes=\"(max-width: 150px) 100vw, 150px\" \/><\/a>\n\t\t\t<\/dt><\/dl><br style=\"clear: both\" \/><dl class='gallery-item'>\n\t\t\t<dt class='gallery-icon landscape'>\n\t\t\t\t<a data-rel=\"iLightbox[postimages]\" data-title=\"IMG_5233\" data-caption=\"\" href='https:\/\/consultadisabili.fvg.it\/?attachment_id=5495'><img width=\"150\" height=\"150\" src=\"https:\/\/consultadisabili.fvg.it\/wp-content\/uploads\/2025\/09\/IMG_5233-150x150.jpg\" class=\"attachment-thumbnail size-thumbnail\" alt=\"\" srcset=\"https:\/\/consultadisabili.fvg.it\/wp-content\/uploads\/2025\/09\/IMG_5233-66x66.jpg 66w, https:\/\/consultadisabili.fvg.it\/wp-content\/uploads\/2025\/09\/IMG_5233-150x150.jpg 150w\" sizes=\"(max-width: 150px) 100vw, 150px\" \/><\/a>\n\t\t\t<\/dt><\/dl><dl class='gallery-item'>\n\t\t\t<dt class='gallery-icon portrait'>\n\t\t\t\t<a data-rel=\"iLightbox[postimages]\" data-title=\"IMG_5232\" data-caption=\"\" href='https:\/\/consultadisabili.fvg.it\/?attachment_id=5494'><img width=\"150\" height=\"150\" src=\"https:\/\/consultadisabili.fvg.it\/wp-content\/uploads\/2025\/09\/IMG_5232-150x150.jpg\" class=\"attachment-thumbnail size-thumbnail\" alt=\"\" srcset=\"https:\/\/consultadisabili.fvg.it\/wp-content\/uploads\/2025\/09\/IMG_5232-66x66.jpg 66w, https:\/\/consultadisabili.fvg.it\/wp-content\/uploads\/2025\/09\/IMG_5232-150x150.jpg 150w\" sizes=\"(max-width: 150px) 100vw, 150px\" \/><\/a>\n\t\t\t<\/dt><\/dl><dl class='gallery-item'>\n\t\t\t<dt class='gallery-icon landscape'>\n\t\t\t\t<a data-rel=\"iLightbox[postimages]\" data-title=\"IMG_5231\" data-caption=\"\" href='https:\/\/consultadisabili.fvg.it\/?attachment_id=5493'><img width=\"150\" height=\"150\" src=\"https:\/\/consultadisabili.fvg.it\/wp-content\/uploads\/2025\/09\/IMG_5231-150x150.jpg\" class=\"attachment-thumbnail size-thumbnail\" alt=\"\" srcset=\"https:\/\/consultadisabili.fvg.it\/wp-content\/uploads\/2025\/09\/IMG_5231-66x66.jpg 66w, https:\/\/consultadisabili.fvg.it\/wp-content\/uploads\/2025\/09\/IMG_5231-150x150.jpg 150w\" sizes=\"(max-width: 150px) 100vw, 150px\" \/><\/a>\n\t\t\t<\/dt><\/dl><br style=\"clear: both\" \/><dl class='gallery-item'>\n\t\t\t<dt class='gallery-icon landscape'>\n\t\t\t\t<a data-rel=\"iLightbox[postimages]\" data-title=\"IMG_5229\" data-caption=\"\" href='https:\/\/consultadisabili.fvg.it\/?attachment_id=5491'><img width=\"150\" height=\"150\" src=\"https:\/\/consultadisabili.fvg.it\/wp-content\/uploads\/2025\/09\/IMG_5229-150x150.jpg\" class=\"attachment-thumbnail size-thumbnail\" alt=\"\" srcset=\"https:\/\/consultadisabili.fvg.it\/wp-content\/uploads\/2025\/09\/IMG_5229-66x66.jpg 66w, https:\/\/consultadisabili.fvg.it\/wp-content\/uploads\/2025\/09\/IMG_5229-150x150.jpg 150w\" sizes=\"(max-width: 150px) 100vw, 150px\" \/><\/a>\n\t\t\t<\/dt><\/dl><dl class='gallery-item'>\n\t\t\t<dt class='gallery-icon landscape'>\n\t\t\t\t<a data-rel=\"iLightbox[postimages]\" data-title=\"IMG_5228\" data-caption=\"\" href='https:\/\/consultadisabili.fvg.it\/?attachment_id=5490'><img width=\"150\" height=\"150\" src=\"https:\/\/consultadisabili.fvg.it\/wp-content\/uploads\/2025\/09\/IMG_5228-150x150.jpg\" class=\"attachment-thumbnail size-thumbnail\" alt=\"\" srcset=\"https:\/\/consultadisabili.fvg.it\/wp-content\/uploads\/2025\/09\/IMG_5228-66x66.jpg 66w, https:\/\/consultadisabili.fvg.it\/wp-content\/uploads\/2025\/09\/IMG_5228-150x150.jpg 150w\" sizes=\"(max-width: 150px) 100vw, 150px\" \/><\/a>\n\t\t\t<\/dt><\/dl><dl class='gallery-item'>\n\t\t\t<dt class='gallery-icon portrait'>\n\t\t\t\t<a data-rel=\"iLightbox[postimages]\" data-title=\"IMG_5227\" data-caption=\"\" href='https:\/\/consultadisabili.fvg.it\/?attachment_id=5489'><img width=\"150\" height=\"150\" src=\"https:\/\/consultadisabili.fvg.it\/wp-content\/uploads\/2025\/09\/IMG_5227-150x150.jpg\" class=\"attachment-thumbnail size-thumbnail\" alt=\"\" srcset=\"https:\/\/consultadisabili.fvg.it\/wp-content\/uploads\/2025\/09\/IMG_5227-66x66.jpg 66w, https:\/\/consultadisabili.fvg.it\/wp-content\/uploads\/2025\/09\/IMG_5227-150x150.jpg 150w\" sizes=\"(max-width: 150px) 100vw, 150px\" \/><\/a>\n\t\t\t<\/dt><\/dl><br style=\"clear: both\" \/><dl class='gallery-item'>\n\t\t\t<dt class='gallery-icon portrait'>\n\t\t\t\t<a data-rel=\"iLightbox[postimages]\" data-title=\"IMG_5225\" data-caption=\"\" href='https:\/\/consultadisabili.fvg.it\/?attachment_id=5488'><img width=\"150\" height=\"150\" src=\"https:\/\/consultadisabili.fvg.it\/wp-content\/uploads\/2025\/09\/IMG_5225-150x150.jpg\" class=\"attachment-thumbnail size-thumbnail\" alt=\"\" srcset=\"https:\/\/consultadisabili.fvg.it\/wp-content\/uploads\/2025\/09\/IMG_5225-66x66.jpg 66w, https:\/\/consultadisabili.fvg.it\/wp-content\/uploads\/2025\/09\/IMG_5225-150x150.jpg 150w\" sizes=\"(max-width: 150px) 100vw, 150px\" \/><\/a>\n\t\t\t<\/dt><\/dl><dl class='gallery-item'>\n\t\t\t<dt class='gallery-icon portrait'>\n\t\t\t\t<a data-rel=\"iLightbox[postimages]\" data-title=\"IMG_5219\" data-caption=\"\" href='https:\/\/consultadisabili.fvg.it\/?attachment_id=5487'><img width=\"150\" height=\"150\" src=\"https:\/\/consultadisabili.fvg.it\/wp-content\/uploads\/2025\/09\/IMG_5219-150x150.jpg\" class=\"attachment-thumbnail size-thumbnail\" alt=\"\" srcset=\"https:\/\/consultadisabili.fvg.it\/wp-content\/uploads\/2025\/09\/IMG_5219-66x66.jpg 66w, https:\/\/consultadisabili.fvg.it\/wp-content\/uploads\/2025\/09\/IMG_5219-150x150.jpg 150w\" sizes=\"(max-width: 150px) 100vw, 150px\" \/><\/a>\n\t\t\t<\/dt><\/dl><dl class='gallery-item'>\n\t\t\t<dt class='gallery-icon landscape'>\n\t\t\t\t<a data-rel=\"iLightbox[postimages]\" data-title=\"IMG_5217\" data-caption=\"\" href='https:\/\/consultadisabili.fvg.it\/?attachment_id=5486'><img width=\"150\" height=\"150\" src=\"https:\/\/consultadisabili.fvg.it\/wp-content\/uploads\/2025\/09\/IMG_5217-150x150.jpg\" class=\"attachment-thumbnail size-thumbnail\" alt=\"\" srcset=\"https:\/\/consultadisabili.fvg.it\/wp-content\/uploads\/2025\/09\/IMG_5217-66x66.jpg 66w, https:\/\/consultadisabili.fvg.it\/wp-content\/uploads\/2025\/09\/IMG_5217-150x150.jpg 150w\" sizes=\"(max-width: 150px) 100vw, 150px\" \/><\/a>\n\t\t\t<\/dt><\/dl><br style=\"clear: both\" \/><dl class='gallery-item'>\n\t\t\t<dt class='gallery-icon landscape'>\n\t\t\t\t<a data-rel=\"iLightbox[postimages]\" data-title=\"IMG_5212\" data-caption=\"\" href='https:\/\/consultadisabili.fvg.it\/?attachment_id=5485'><img width=\"150\" height=\"150\" src=\"https:\/\/consultadisabili.fvg.it\/wp-content\/uploads\/2025\/09\/IMG_5212-150x150.jpg\" class=\"attachment-thumbnail size-thumbnail\" alt=\"\" srcset=\"https:\/\/consultadisabili.fvg.it\/wp-content\/uploads\/2025\/09\/IMG_5212-66x66.jpg 66w, https:\/\/consultadisabili.fvg.it\/wp-content\/uploads\/2025\/09\/IMG_5212-150x150.jpg 150w\" sizes=\"(max-width: 150px) 100vw, 150px\" \/><\/a>\n\t\t\t<\/dt><\/dl><dl class='gallery-item'>\n\t\t\t<dt class='gallery-icon portrait'>\n\t\t\t\t<a data-rel=\"iLightbox[postimages]\" data-title=\"IMG_5209\" data-caption=\"\" href='https:\/\/consultadisabili.fvg.it\/?attachment_id=5484'><img width=\"150\" height=\"150\" src=\"https:\/\/consultadisabili.fvg.it\/wp-content\/uploads\/2025\/09\/IMG_5209-150x150.jpg\" class=\"attachment-thumbnail size-thumbnail\" alt=\"\" srcset=\"https:\/\/consultadisabili.fvg.it\/wp-content\/uploads\/2025\/09\/IMG_5209-66x66.jpg 66w, https:\/\/consultadisabili.fvg.it\/wp-content\/uploads\/2025\/09\/IMG_5209-150x150.jpg 150w\" sizes=\"(max-width: 150px) 100vw, 150px\" \/><\/a>\n\t\t\t<\/dt><\/dl><dl class='gallery-item'>\n\t\t\t<dt class='gallery-icon landscape'>\n\t\t\t\t<a data-rel=\"iLightbox[postimages]\" data-title=\"IMG_5205\" data-caption=\"\" href='https:\/\/consultadisabili.fvg.it\/?attachment_id=5483'><img width=\"150\" height=\"150\" src=\"https:\/\/consultadisabili.fvg.it\/wp-content\/uploads\/2025\/09\/IMG_5205-150x150.jpg\" class=\"attachment-thumbnail size-thumbnail\" alt=\"\" srcset=\"https:\/\/consultadisabili.fvg.it\/wp-content\/uploads\/2025\/09\/IMG_5205-66x66.jpg 66w, https:\/\/consultadisabili.fvg.it\/wp-content\/uploads\/2025\/09\/IMG_5205-150x150.jpg 150w\" sizes=\"(max-width: 150px) 100vw, 150px\" \/><\/a>\n\t\t\t<\/dt><\/dl><br style=\"clear: both\" \/><dl class='gallery-item'>\n\t\t\t<dt class='gallery-icon portrait'>\n\t\t\t\t<a data-rel=\"iLightbox[postimages]\" data-title=\"IMG_5203\" data-caption=\"\" href='https:\/\/consultadisabili.fvg.it\/?attachment_id=5482'><img width=\"150\" height=\"150\" src=\"https:\/\/consultadisabili.fvg.it\/wp-content\/uploads\/2025\/09\/IMG_5203-150x150.jpg\" class=\"attachment-thumbnail size-thumbnail\" alt=\"\" srcset=\"https:\/\/consultadisabili.fvg.it\/wp-content\/uploads\/2025\/09\/IMG_5203-66x66.jpg 66w, https:\/\/consultadisabili.fvg.it\/wp-content\/uploads\/2025\/09\/IMG_5203-150x150.jpg 150w\" sizes=\"(max-width: 150px) 100vw, 150px\" \/><\/a>\n\t\t\t<\/dt><\/dl><dl class='gallery-item'>\n\t\t\t<dt class='gallery-icon landscape'>\n\t\t\t\t<a data-rel=\"iLightbox[postimages]\" data-title=\"IMG_5198\" data-caption=\"\" href='https:\/\/consultadisabili.fvg.it\/?attachment_id=5481'><img width=\"150\" height=\"150\" src=\"https:\/\/consultadisabili.fvg.it\/wp-content\/uploads\/2025\/09\/IMG_5198-150x150.jpg\" class=\"attachment-thumbnail size-thumbnail\" alt=\"\" srcset=\"https:\/\/consultadisabili.fvg.it\/wp-content\/uploads\/2025\/09\/IMG_5198-66x66.jpg 66w, https:\/\/consultadisabili.fvg.it\/wp-content\/uploads\/2025\/09\/IMG_5198-150x150.jpg 150w\" sizes=\"(max-width: 150px) 100vw, 150px\" \/><\/a>\n\t\t\t<\/dt><\/dl><dl class='gallery-item'>\n\t\t\t<dt class='gallery-icon landscape'>\n\t\t\t\t<a data-rel=\"iLightbox[postimages]\" data-title=\"IMG_5195\" data-caption=\"\" href='https:\/\/consultadisabili.fvg.it\/?attachment_id=5480'><img width=\"150\" height=\"150\" src=\"https:\/\/consultadisabili.fvg.it\/wp-content\/uploads\/2025\/09\/IMG_5195-150x150.jpg\" class=\"attachment-thumbnail size-thumbnail\" alt=\"\" srcset=\"https:\/\/consultadisabili.fvg.it\/wp-content\/uploads\/2025\/09\/IMG_5195-66x66.jpg 66w, https:\/\/consultadisabili.fvg.it\/wp-content\/uploads\/2025\/09\/IMG_5195-150x150.jpg 150w\" sizes=\"(max-width: 150px) 100vw, 150px\" \/><\/a>\n\t\t\t<\/dt><\/dl><br style=\"clear: both\" \/><dl class='gallery-item'>\n\t\t\t<dt class='gallery-icon landscape'>\n\t\t\t\t<a data-rel=\"iLightbox[postimages]\" data-title=\"IMG_5193\" data-caption=\"\" href='https:\/\/consultadisabili.fvg.it\/?attachment_id=5479'><img width=\"150\" height=\"150\" src=\"https:\/\/consultadisabili.fvg.it\/wp-content\/uploads\/2025\/09\/IMG_5193-150x150.jpg\" class=\"attachment-thumbnail size-thumbnail\" alt=\"\" srcset=\"https:\/\/consultadisabili.fvg.it\/wp-content\/uploads\/2025\/09\/IMG_5193-66x66.jpg 66w, https:\/\/consultadisabili.fvg.it\/wp-content\/uploads\/2025\/09\/IMG_5193-150x150.jpg 150w\" sizes=\"(max-width: 150px) 100vw, 150px\" \/><\/a>\n\t\t\t<\/dt><\/dl><dl class='gallery-item'>\n\t\t\t<dt class='gallery-icon portrait'>\n\t\t\t\t<a data-rel=\"iLightbox[postimages]\" data-title=\"IMG_5190\" data-caption=\"\" href='https:\/\/consultadisabili.fvg.it\/?attachment_id=5478'><img width=\"150\" height=\"150\" src=\"https:\/\/consultadisabili.fvg.it\/wp-content\/uploads\/2025\/09\/IMG_5190-150x150.jpg\" class=\"attachment-thumbnail size-thumbnail\" alt=\"\" srcset=\"https:\/\/consultadisabili.fvg.it\/wp-content\/uploads\/2025\/09\/IMG_5190-66x66.jpg 66w, https:\/\/consultadisabili.fvg.it\/wp-content\/uploads\/2025\/09\/IMG_5190-150x150.jpg 150w\" sizes=\"(max-width: 150px) 100vw, 150px\" \/><\/a>\n\t\t\t<\/dt><\/dl><dl class='gallery-item'>\n\t\t\t<dt class='gallery-icon landscape'>\n\t\t\t\t<a data-rel=\"iLightbox[postimages]\" data-title=\"IMG_5188\" data-caption=\"\" href='https:\/\/consultadisabili.fvg.it\/?attachment_id=5477'><img width=\"150\" height=\"150\" src=\"https:\/\/consultadisabili.fvg.it\/wp-content\/uploads\/2025\/09\/IMG_5188-150x150.jpg\" class=\"attachment-thumbnail size-thumbnail\" alt=\"\" srcset=\"https:\/\/consultadisabili.fvg.it\/wp-content\/uploads\/2025\/09\/IMG_5188-66x66.jpg 66w, https:\/\/consultadisabili.fvg.it\/wp-content\/uploads\/2025\/09\/IMG_5188-150x150.jpg 150w\" sizes=\"(max-width: 150px) 100vw, 150px\" \/><\/a>\n\t\t\t<\/dt><\/dl><br style=\"clear: both\" \/><dl class='gallery-item'>\n\t\t\t<dt class='gallery-icon landscape'>\n\t\t\t\t<a data-rel=\"iLightbox[postimages]\" data-title=\"IMG_5186\" data-caption=\"\" href='https:\/\/consultadisabili.fvg.it\/?attachment_id=5476'><img width=\"150\" height=\"150\" src=\"https:\/\/consultadisabili.fvg.it\/wp-content\/uploads\/2025\/09\/IMG_5186-150x150.jpg\" class=\"attachment-thumbnail size-thumbnail\" alt=\"\" srcset=\"https:\/\/consultadisabili.fvg.it\/wp-content\/uploads\/2025\/09\/IMG_5186-66x66.jpg 66w, https:\/\/consultadisabili.fvg.it\/wp-content\/uploads\/2025\/09\/IMG_5186-150x150.jpg 150w\" sizes=\"(max-width: 150px) 100vw, 150px\" \/><\/a>\n\t\t\t<\/dt><\/dl><dl class='gallery-item'>\n\t\t\t<dt class='gallery-icon portrait'>\n\t\t\t\t<a data-rel=\"iLightbox[postimages]\" data-title=\"IMG_5179\" data-caption=\"\" href='https:\/\/consultadisabili.fvg.it\/?attachment_id=5475'><img width=\"150\" height=\"150\" src=\"https:\/\/consultadisabili.fvg.it\/wp-content\/uploads\/2025\/09\/IMG_5179-150x150.jpg\" class=\"attachment-thumbnail size-thumbnail\" alt=\"\" srcset=\"https:\/\/consultadisabili.fvg.it\/wp-content\/uploads\/2025\/09\/IMG_5179-66x66.jpg 66w, https:\/\/consultadisabili.fvg.it\/wp-content\/uploads\/2025\/09\/IMG_5179-150x150.jpg 150w\" sizes=\"(max-width: 150px) 100vw, 150px\" \/><\/a>\n\t\t\t<\/dt><\/dl><dl class='gallery-item'>\n\t\t\t<dt class='gallery-icon portrait'>\n\t\t\t\t<a data-rel=\"iLightbox[postimages]\" data-title=\"IMG_5175\" data-caption=\"\" href='https:\/\/consultadisabili.fvg.it\/?attachment_id=5474'><img width=\"150\" height=\"150\" src=\"https:\/\/consultadisabili.fvg.it\/wp-content\/uploads\/2025\/09\/IMG_5175-150x150.jpg\" class=\"attachment-thumbnail size-thumbnail\" alt=\"\" srcset=\"https:\/\/consultadisabili.fvg.it\/wp-content\/uploads\/2025\/09\/IMG_5175-66x66.jpg 66w, https:\/\/consultadisabili.fvg.it\/wp-content\/uploads\/2025\/09\/IMG_5175-150x150.jpg 150w\" sizes=\"(max-width: 150px) 100vw, 150px\" \/><\/a>\n\t\t\t<\/dt><\/dl><br style=\"clear: both\" \/><dl class='gallery-item'>\n\t\t\t<dt class='gallery-icon portrait'>\n\t\t\t\t<a data-rel=\"iLightbox[postimages]\" data-title=\"IMG_5174\" data-caption=\"\" href='https:\/\/consultadisabili.fvg.it\/?attachment_id=5473'><img width=\"150\" height=\"150\" src=\"https:\/\/consultadisabili.fvg.it\/wp-content\/uploads\/2025\/09\/IMG_5174-150x150.jpg\" class=\"attachment-thumbnail size-thumbnail\" alt=\"\" srcset=\"https:\/\/consultadisabili.fvg.it\/wp-content\/uploads\/2025\/09\/IMG_5174-66x66.jpg 66w, https:\/\/consultadisabili.fvg.it\/wp-content\/uploads\/2025\/09\/IMG_5174-150x150.jpg 150w\" sizes=\"(max-width: 150px) 100vw, 150px\" \/><\/a>\n\t\t\t<\/dt><\/dl><dl class='gallery-item'>\n\t\t\t<dt class='gallery-icon portrait'>\n\t\t\t\t<a data-rel=\"iLightbox[postimages]\" data-title=\"IMG_5170\" data-caption=\"\" href='https:\/\/consultadisabili.fvg.it\/?attachment_id=5472'><img width=\"150\" height=\"150\" src=\"https:\/\/consultadisabili.fvg.it\/wp-content\/uploads\/2025\/09\/IMG_5170-150x150.jpg\" class=\"attachment-thumbnail size-thumbnail\" alt=\"\" srcset=\"https:\/\/consultadisabili.fvg.it\/wp-content\/uploads\/2025\/09\/IMG_5170-66x66.jpg 66w, https:\/\/consultadisabili.fvg.it\/wp-content\/uploads\/2025\/09\/IMG_5170-150x150.jpg 150w\" sizes=\"(max-width: 150px) 100vw, 150px\" \/><\/a>\n\t\t\t<\/dt><\/dl><dl class='gallery-item'>\n\t\t\t<dt class='gallery-icon portrait'>\n\t\t\t\t<a data-rel=\"iLightbox[postimages]\" data-title=\"fdaa8654-3443-4b98-8d35-651fd024d37b\" data-caption=\"\" href='https:\/\/consultadisabili.fvg.it\/?attachment_id=5471'><img width=\"150\" height=\"150\" src=\"https:\/\/consultadisabili.fvg.it\/wp-content\/uploads\/2025\/09\/fdaa8654-3443-4b98-8d35-651fd024d37b-150x150.jpg\" class=\"attachment-thumbnail size-thumbnail\" alt=\"\" srcset=\"https:\/\/consultadisabili.fvg.it\/wp-content\/uploads\/2025\/09\/fdaa8654-3443-4b98-8d35-651fd024d37b-66x66.jpg 66w, https:\/\/consultadisabili.fvg.it\/wp-content\/uploads\/2025\/09\/fdaa8654-3443-4b98-8d35-651fd024d37b-150x150.jpg 150w\" sizes=\"(max-width: 150px) 100vw, 150px\" \/><\/a>\n\t\t\t<\/dt><\/dl><br style=\"clear: both\" \/><dl class='gallery-item'>\n\t\t\t<dt class='gallery-icon portrait'>\n\t\t\t\t<a data-rel=\"iLightbox[postimages]\" data-title=\"fdaa8654-3443-4b98-8d35-651fd024d37b(2)\" data-caption=\"\" href='https:\/\/consultadisabili.fvg.it\/?attachment_id=5470'><img width=\"150\" height=\"150\" src=\"https:\/\/consultadisabili.fvg.it\/wp-content\/uploads\/2025\/09\/fdaa8654-3443-4b98-8d35-651fd024d37b2-150x150.jpg\" class=\"attachment-thumbnail size-thumbnail\" alt=\"\" srcset=\"https:\/\/consultadisabili.fvg.it\/wp-content\/uploads\/2025\/09\/fdaa8654-3443-4b98-8d35-651fd024d37b2-66x66.jpg 66w, https:\/\/consultadisabili.fvg.it\/wp-content\/uploads\/2025\/09\/fdaa8654-3443-4b98-8d35-651fd024d37b2-150x150.jpg 150w\" sizes=\"(max-width: 150px) 100vw, 150px\" \/><\/a>\n\t\t\t<\/dt><\/dl><dl class='gallery-item'>\n\t\t\t<dt class='gallery-icon portrait'>\n\t\t\t\t<a data-rel=\"iLightbox[postimages]\" data-title=\"f7986c07-d2d2-49b2-8bcd-1fcc292ff92f\" data-caption=\"\" href='https:\/\/consultadisabili.fvg.it\/?attachment_id=5468'><img width=\"150\" height=\"150\" src=\"https:\/\/consultadisabili.fvg.it\/wp-content\/uploads\/2025\/09\/f7986c07-d2d2-49b2-8bcd-1fcc292ff92f-150x150.jpg\" class=\"attachment-thumbnail size-thumbnail\" alt=\"\" srcset=\"https:\/\/consultadisabili.fvg.it\/wp-content\/uploads\/2025\/09\/f7986c07-d2d2-49b2-8bcd-1fcc292ff92f-66x66.jpg 66w, https:\/\/consultadisabili.fvg.it\/wp-content\/uploads\/2025\/09\/f7986c07-d2d2-49b2-8bcd-1fcc292ff92f-150x150.jpg 150w\" sizes=\"(max-width: 150px) 100vw, 150px\" \/><\/a>\n\t\t\t<\/dt><\/dl><dl class='gallery-item'>\n\t\t\t<dt class='gallery-icon portrait'>\n\t\t\t\t<a data-rel=\"iLightbox[postimages]\" data-title=\"f7986c07-d2d2-49b2-8bcd-1fcc292ff92f(1)\" data-caption=\"\" href='https:\/\/consultadisabili.fvg.it\/?attachment_id=5467'><img width=\"150\" height=\"150\" src=\"https:\/\/consultadisabili.fvg.it\/wp-content\/uploads\/2025\/09\/f7986c07-d2d2-49b2-8bcd-1fcc292ff92f1-150x150.jpg\" class=\"attachment-thumbnail size-thumbnail\" alt=\"\" srcset=\"https:\/\/consultadisabili.fvg.it\/wp-content\/uploads\/2025\/09\/f7986c07-d2d2-49b2-8bcd-1fcc292ff92f1-66x66.jpg 66w, https:\/\/consultadisabili.fvg.it\/wp-content\/uploads\/2025\/09\/f7986c07-d2d2-49b2-8bcd-1fcc292ff92f1-150x150.jpg 150w\" sizes=\"(max-width: 150px) 100vw, 150px\" \/><\/a>\n\t\t\t<\/dt><\/dl><br style=\"clear: both\" \/><dl class='gallery-item'>\n\t\t\t<dt class='gallery-icon landscape'>\n\t\t\t\t<a data-rel=\"iLightbox[postimages]\" data-title=\"ed4248c3-e1eb-48a1-98c8-549c89c3aa3e\" data-caption=\"\" href='https:\/\/consultadisabili.fvg.it\/?attachment_id=5466'><img width=\"150\" height=\"150\" src=\"https:\/\/consultadisabili.fvg.it\/wp-content\/uploads\/2025\/09\/ed4248c3-e1eb-48a1-98c8-549c89c3aa3e-150x150.jpg\" class=\"attachment-thumbnail size-thumbnail\" alt=\"\" srcset=\"https:\/\/consultadisabili.fvg.it\/wp-content\/uploads\/2025\/09\/ed4248c3-e1eb-48a1-98c8-549c89c3aa3e-66x66.jpg 66w, https:\/\/consultadisabili.fvg.it\/wp-content\/uploads\/2025\/09\/ed4248c3-e1eb-48a1-98c8-549c89c3aa3e-150x150.jpg 150w\" sizes=\"(max-width: 150px) 100vw, 150px\" \/><\/a>\n\t\t\t<\/dt><\/dl><dl class='gallery-item'>\n\t\t\t<dt class='gallery-icon landscape'>\n\t\t\t\t<a data-rel=\"iLightbox[postimages]\" data-title=\"ed4248c3-e1eb-48a1-98c8-549c89c3aa3e(1)\" data-caption=\"\" href='https:\/\/consultadisabili.fvg.it\/?attachment_id=5465'><img width=\"150\" height=\"150\" src=\"https:\/\/consultadisabili.fvg.it\/wp-content\/uploads\/2025\/09\/ed4248c3-e1eb-48a1-98c8-549c89c3aa3e1-150x150.jpg\" class=\"attachment-thumbnail size-thumbnail\" alt=\"\" srcset=\"https:\/\/consultadisabili.fvg.it\/wp-content\/uploads\/2025\/09\/ed4248c3-e1eb-48a1-98c8-549c89c3aa3e1-66x66.jpg 66w, https:\/\/consultadisabili.fvg.it\/wp-content\/uploads\/2025\/09\/ed4248c3-e1eb-48a1-98c8-549c89c3aa3e1-150x150.jpg 150w\" sizes=\"(max-width: 150px) 100vw, 150px\" \/><\/a>\n\t\t\t<\/dt><\/dl><dl class='gallery-item'>\n\t\t\t<dt class='gallery-icon portrait'>\n\t\t\t\t<a data-rel=\"iLightbox[postimages]\" data-title=\"e4273098-92a2-4166-b39e-563daf865a16\" data-caption=\"\" href='https:\/\/consultadisabili.fvg.it\/?attachment_id=5464'><img width=\"150\" height=\"150\" src=\"https:\/\/consultadisabili.fvg.it\/wp-content\/uploads\/2025\/09\/e4273098-92a2-4166-b39e-563daf865a16-150x150.jpg\" class=\"attachment-thumbnail size-thumbnail\" alt=\"\" srcset=\"https:\/\/consultadisabili.fvg.it\/wp-content\/uploads\/2025\/09\/e4273098-92a2-4166-b39e-563daf865a16-66x66.jpg 66w, https:\/\/consultadisabili.fvg.it\/wp-content\/uploads\/2025\/09\/e4273098-92a2-4166-b39e-563daf865a16-150x150.jpg 150w\" sizes=\"(max-width: 150px) 100vw, 150px\" \/><\/a>\n\t\t\t<\/dt><\/dl><br style=\"clear: both\" \/><dl class='gallery-item'>\n\t\t\t<dt class='gallery-icon portrait'>\n\t\t\t\t<a data-rel=\"iLightbox[postimages]\" data-title=\"e4273098-92a2-4166-b39e-563daf865a16(1)\" data-caption=\"\" href='https:\/\/consultadisabili.fvg.it\/?attachment_id=5463'><img width=\"150\" height=\"150\" src=\"https:\/\/consultadisabili.fvg.it\/wp-content\/uploads\/2025\/09\/e4273098-92a2-4166-b39e-563daf865a161-150x150.jpg\" class=\"attachment-thumbnail size-thumbnail\" alt=\"\" srcset=\"https:\/\/consultadisabili.fvg.it\/wp-content\/uploads\/2025\/09\/e4273098-92a2-4166-b39e-563daf865a161-66x66.jpg 66w, https:\/\/consultadisabili.fvg.it\/wp-content\/uploads\/2025\/09\/e4273098-92a2-4166-b39e-563daf865a161-150x150.jpg 150w\" sizes=\"(max-width: 150px) 100vw, 150px\" \/><\/a>\n\t\t\t<\/dt><\/dl><dl class='gallery-item'>\n\t\t\t<dt class='gallery-icon landscape'>\n\t\t\t\t<a data-rel=\"iLightbox[postimages]\" data-title=\"d375cdc3-e6e7-42c1-b444-61606cb33c3f\" data-caption=\"\" href='https:\/\/consultadisabili.fvg.it\/?attachment_id=5462'><img width=\"150\" height=\"150\" src=\"https:\/\/consultadisabili.fvg.it\/wp-content\/uploads\/2025\/09\/d375cdc3-e6e7-42c1-b444-61606cb33c3f-150x150.jpg\" class=\"attachment-thumbnail size-thumbnail\" alt=\"\" srcset=\"https:\/\/consultadisabili.fvg.it\/wp-content\/uploads\/2025\/09\/d375cdc3-e6e7-42c1-b444-61606cb33c3f-66x66.jpg 66w, https:\/\/consultadisabili.fvg.it\/wp-content\/uploads\/2025\/09\/d375cdc3-e6e7-42c1-b444-61606cb33c3f-150x150.jpg 150w\" sizes=\"(max-width: 150px) 100vw, 150px\" \/><\/a>\n\t\t\t<\/dt><\/dl><dl class='gallery-item'>\n\t\t\t<dt class='gallery-icon landscape'>\n\t\t\t\t<a data-rel=\"iLightbox[postimages]\" data-title=\"d375cdc3-e6e7-42c1-b444-61606cb33c3f(1)\" data-caption=\"\" href='https:\/\/consultadisabili.fvg.it\/?attachment_id=5461'><img width=\"150\" height=\"150\" src=\"https:\/\/consultadisabili.fvg.it\/wp-content\/uploads\/2025\/09\/d375cdc3-e6e7-42c1-b444-61606cb33c3f1-150x150.jpg\" class=\"attachment-thumbnail size-thumbnail\" alt=\"\" srcset=\"https:\/\/consultadisabili.fvg.it\/wp-content\/uploads\/2025\/09\/d375cdc3-e6e7-42c1-b444-61606cb33c3f1-66x66.jpg 66w, https:\/\/consultadisabili.fvg.it\/wp-content\/uploads\/2025\/09\/d375cdc3-e6e7-42c1-b444-61606cb33c3f1-150x150.jpg 150w\" sizes=\"(max-width: 150px) 100vw, 150px\" \/><\/a>\n\t\t\t<\/dt><\/dl><br style=\"clear: both\" \/><dl class='gallery-item'>\n\t\t\t<dt class='gallery-icon portrait'>\n\t\t\t\t<a data-rel=\"iLightbox[postimages]\" data-title=\"d99ccd20-2566-45cf-af16-8af6d4e567f8(1)\" data-caption=\"\" href='https:\/\/consultadisabili.fvg.it\/?attachment_id=5459'><img width=\"150\" height=\"150\" src=\"https:\/\/consultadisabili.fvg.it\/wp-content\/uploads\/2025\/09\/d99ccd20-2566-45cf-af16-8af6d4e567f81-150x150.jpg\" class=\"attachment-thumbnail size-thumbnail\" alt=\"\" srcset=\"https:\/\/consultadisabili.fvg.it\/wp-content\/uploads\/2025\/09\/d99ccd20-2566-45cf-af16-8af6d4e567f81-66x66.jpg 66w, https:\/\/consultadisabili.fvg.it\/wp-content\/uploads\/2025\/09\/d99ccd20-2566-45cf-af16-8af6d4e567f81-150x150.jpg 150w\" sizes=\"(max-width: 150px) 100vw, 150px\" \/><\/a>\n\t\t\t<\/dt><\/dl><dl class='gallery-item'>\n\t\t\t<dt class='gallery-icon portrait'>\n\t\t\t\t<a data-rel=\"iLightbox[postimages]\" data-title=\"d00d5044-8577-4894-b11d-91130937df48\" data-caption=\"\" href='https:\/\/consultadisabili.fvg.it\/?attachment_id=5458'><img width=\"150\" height=\"150\" src=\"https:\/\/consultadisabili.fvg.it\/wp-content\/uploads\/2025\/09\/d00d5044-8577-4894-b11d-91130937df48-150x150.jpg\" class=\"attachment-thumbnail size-thumbnail\" alt=\"\" srcset=\"https:\/\/consultadisabili.fvg.it\/wp-content\/uploads\/2025\/09\/d00d5044-8577-4894-b11d-91130937df48-66x66.jpg 66w, https:\/\/consultadisabili.fvg.it\/wp-content\/uploads\/2025\/09\/d00d5044-8577-4894-b11d-91130937df48-150x150.jpg 150w\" sizes=\"(max-width: 150px) 100vw, 150px\" \/><\/a>\n\t\t\t<\/dt><\/dl><dl class='gallery-item'>\n\t\t\t<dt class='gallery-icon portrait'>\n\t\t\t\t<a data-rel=\"iLightbox[postimages]\" data-title=\"d00d5044-8577-4894-b11d-91130937df48(1)\" data-caption=\"\" href='https:\/\/consultadisabili.fvg.it\/?attachment_id=5457'><img width=\"150\" height=\"150\" src=\"https:\/\/consultadisabili.fvg.it\/wp-content\/uploads\/2025\/09\/d00d5044-8577-4894-b11d-91130937df481-150x150.jpg\" class=\"attachment-thumbnail size-thumbnail\" alt=\"\" srcset=\"https:\/\/consultadisabili.fvg.it\/wp-content\/uploads\/2025\/09\/d00d5044-8577-4894-b11d-91130937df481-66x66.jpg 66w, https:\/\/consultadisabili.fvg.it\/wp-content\/uploads\/2025\/09\/d00d5044-8577-4894-b11d-91130937df481-150x150.jpg 150w\" sizes=\"(max-width: 150px) 100vw, 150px\" \/><\/a>\n\t\t\t<\/dt><\/dl><br style=\"clear: both\" \/><dl class='gallery-item'>\n\t\t\t<dt class='gallery-icon portrait'>\n\t\t\t\t<a data-rel=\"iLightbox[postimages]\" data-title=\"cc820d26-4bc4-48a9-bd63-99d4002971d8(1)\" data-caption=\"\" href='https:\/\/consultadisabili.fvg.it\/?attachment_id=5455'><img width=\"150\" height=\"150\" src=\"https:\/\/consultadisabili.fvg.it\/wp-content\/uploads\/2025\/09\/cc820d26-4bc4-48a9-bd63-99d4002971d81-150x150.jpg\" class=\"attachment-thumbnail size-thumbnail\" alt=\"\" srcset=\"https:\/\/consultadisabili.fvg.it\/wp-content\/uploads\/2025\/09\/cc820d26-4bc4-48a9-bd63-99d4002971d81-66x66.jpg 66w, https:\/\/consultadisabili.fvg.it\/wp-content\/uploads\/2025\/09\/cc820d26-4bc4-48a9-bd63-99d4002971d81-150x150.jpg 150w\" sizes=\"(max-width: 150px) 100vw, 150px\" \/><\/a>\n\t\t\t<\/dt><\/dl><dl class='gallery-item'>\n\t\t\t<dt class='gallery-icon portrait'>\n\t\t\t\t<a data-rel=\"iLightbox[postimages]\" data-title=\"c8b18072-b4b6-4b0e-ab6e-d52c979be86f(1)\" data-caption=\"\" href='https:\/\/consultadisabili.fvg.it\/?attachment_id=5453'><img width=\"150\" height=\"150\" src=\"https:\/\/consultadisabili.fvg.it\/wp-content\/uploads\/2025\/09\/c8b18072-b4b6-4b0e-ab6e-d52c979be86f1-150x150.jpg\" class=\"attachment-thumbnail size-thumbnail\" alt=\"\" srcset=\"https:\/\/consultadisabili.fvg.it\/wp-content\/uploads\/2025\/09\/c8b18072-b4b6-4b0e-ab6e-d52c979be86f1-66x66.jpg 66w, https:\/\/consultadisabili.fvg.it\/wp-content\/uploads\/2025\/09\/c8b18072-b4b6-4b0e-ab6e-d52c979be86f1-150x150.jpg 150w\" sizes=\"(max-width: 150px) 100vw, 150px\" \/><\/a>\n\t\t\t<\/dt><\/dl><dl class='gallery-item'>\n\t\t\t<dt class='gallery-icon landscape'>\n\t\t\t\t<a data-rel=\"iLightbox[postimages]\" data-title=\"bdf1972d-7eba-446d-965b-96fb15b63513\" data-caption=\"\" href='https:\/\/consultadisabili.fvg.it\/?attachment_id=5452'><img width=\"150\" height=\"150\" src=\"https:\/\/consultadisabili.fvg.it\/wp-content\/uploads\/2025\/09\/bdf1972d-7eba-446d-965b-96fb15b63513-150x150.jpg\" class=\"attachment-thumbnail size-thumbnail\" alt=\"\" srcset=\"https:\/\/consultadisabili.fvg.it\/wp-content\/uploads\/2025\/09\/bdf1972d-7eba-446d-965b-96fb15b63513-66x66.jpg 66w, https:\/\/consultadisabili.fvg.it\/wp-content\/uploads\/2025\/09\/bdf1972d-7eba-446d-965b-96fb15b63513-150x150.jpg 150w\" sizes=\"(max-width: 150px) 100vw, 150px\" \/><\/a>\n\t\t\t<\/dt><\/dl><br style=\"clear: both\" \/><dl class='gallery-item'>\n\t\t\t<dt class='gallery-icon portrait'>\n\t\t\t\t<a data-rel=\"iLightbox[postimages]\" data-title=\"bc957194-cb0e-45e6-be75-d790a3aa5d72(1)\" data-caption=\"\" href='https:\/\/consultadisabili.fvg.it\/?attachment_id=5449'><img width=\"150\" height=\"150\" src=\"https:\/\/consultadisabili.fvg.it\/wp-content\/uploads\/2025\/09\/bc957194-cb0e-45e6-be75-d790a3aa5d721-150x150.jpg\" class=\"attachment-thumbnail size-thumbnail\" alt=\"\" srcset=\"https:\/\/consultadisabili.fvg.it\/wp-content\/uploads\/2025\/09\/bc957194-cb0e-45e6-be75-d790a3aa5d721-66x66.jpg 66w, https:\/\/consultadisabili.fvg.it\/wp-content\/uploads\/2025\/09\/bc957194-cb0e-45e6-be75-d790a3aa5d721-150x150.jpg 150w\" sizes=\"(max-width: 150px) 100vw, 150px\" \/><\/a>\n\t\t\t<\/dt><\/dl><dl class='gallery-item'>\n\t\t\t<dt class='gallery-icon landscape'>\n\t\t\t\t<a data-rel=\"iLightbox[postimages]\" data-title=\"b4781c0f-b25f-4cd6-b6cf-51c40156fa7a(1)\" data-caption=\"\" href='https:\/\/consultadisabili.fvg.it\/?attachment_id=5447'><img width=\"150\" height=\"150\" src=\"https:\/\/consultadisabili.fvg.it\/wp-content\/uploads\/2025\/09\/b4781c0f-b25f-4cd6-b6cf-51c40156fa7a1-150x150.jpg\" class=\"attachment-thumbnail size-thumbnail\" alt=\"\" srcset=\"https:\/\/consultadisabili.fvg.it\/wp-content\/uploads\/2025\/09\/b4781c0f-b25f-4cd6-b6cf-51c40156fa7a1-66x66.jpg 66w, https:\/\/consultadisabili.fvg.it\/wp-content\/uploads\/2025\/09\/b4781c0f-b25f-4cd6-b6cf-51c40156fa7a1-150x150.jpg 150w\" sizes=\"(max-width: 150px) 100vw, 150px\" \/><\/a>\n\t\t\t<\/dt><\/dl><dl class='gallery-item'>\n\t\t\t<dt class='gallery-icon landscape'>\n\t\t\t\t<a data-rel=\"iLightbox[postimages]\" data-title=\"36795e82-5231-46d3-981e-1eee4a21506d(1)\" data-caption=\"\" href='https:\/\/consultadisabili.fvg.it\/?attachment_id=5445'><img width=\"150\" height=\"150\" src=\"https:\/\/consultadisabili.fvg.it\/wp-content\/uploads\/2025\/09\/36795e82-5231-46d3-981e-1eee4a21506d1-150x150.jpg\" class=\"attachment-thumbnail size-thumbnail\" alt=\"\" srcset=\"https:\/\/consultadisabili.fvg.it\/wp-content\/uploads\/2025\/09\/36795e82-5231-46d3-981e-1eee4a21506d1-66x66.jpg 66w, https:\/\/consultadisabili.fvg.it\/wp-content\/uploads\/2025\/09\/36795e82-5231-46d3-981e-1eee4a21506d1-150x150.jpg 150w\" sizes=\"(max-width: 150px) 100vw, 150px\" \/><\/a>\n\t\t\t<\/dt><\/dl><br style=\"clear: both\" \/><dl class='gallery-item'>\n\t\t\t<dt class='gallery-icon portrait'>\n\t\t\t\t<a data-rel=\"iLightbox[postimages]\" data-title=\"965be890-080c-40ea-a5e1-77096fea563d\" data-caption=\"\" href='https:\/\/consultadisabili.fvg.it\/?attachment_id=5444'><img width=\"150\" height=\"150\" src=\"https:\/\/consultadisabili.fvg.it\/wp-content\/uploads\/2025\/09\/965be890-080c-40ea-a5e1-77096fea563d-150x150.jpg\" class=\"attachment-thumbnail size-thumbnail\" alt=\"\" srcset=\"https:\/\/consultadisabili.fvg.it\/wp-content\/uploads\/2025\/09\/965be890-080c-40ea-a5e1-77096fea563d-66x66.jpg 66w, https:\/\/consultadisabili.fvg.it\/wp-content\/uploads\/2025\/09\/965be890-080c-40ea-a5e1-77096fea563d-150x150.jpg 150w\" sizes=\"(max-width: 150px) 100vw, 150px\" \/><\/a>\n\t\t\t<\/dt><\/dl><dl class='gallery-item'>\n\t\t\t<dt class='gallery-icon portrait'>\n\t\t\t\t<a data-rel=\"iLightbox[postimages]\" data-title=\"965be890-080c-40ea-a5e1-77096fea563d(1)\" data-caption=\"\" href='https:\/\/consultadisabili.fvg.it\/?attachment_id=5443'><img width=\"150\" height=\"150\" src=\"https:\/\/consultadisabili.fvg.it\/wp-content\/uploads\/2025\/09\/965be890-080c-40ea-a5e1-77096fea563d1-150x150.jpg\" class=\"attachment-thumbnail size-thumbnail\" alt=\"\" srcset=\"https:\/\/consultadisabili.fvg.it\/wp-content\/uploads\/2025\/09\/965be890-080c-40ea-a5e1-77096fea563d1-66x66.jpg 66w, https:\/\/consultadisabili.fvg.it\/wp-content\/uploads\/2025\/09\/965be890-080c-40ea-a5e1-77096fea563d1-150x150.jpg 150w\" sizes=\"(max-width: 150px) 100vw, 150px\" \/><\/a>\n\t\t\t<\/dt><\/dl><dl class='gallery-item'>\n\t\t\t<dt class='gallery-icon portrait'>\n\t\t\t\t<a data-rel=\"iLightbox[postimages]\" data-title=\"535cc971-263d-4765-a723-74ee18a14a80(1)\" data-caption=\"\" href='https:\/\/consultadisabili.fvg.it\/?attachment_id=5441'><img width=\"150\" height=\"150\" src=\"https:\/\/consultadisabili.fvg.it\/wp-content\/uploads\/2025\/09\/535cc971-263d-4765-a723-74ee18a14a801-150x150.jpg\" class=\"attachment-thumbnail size-thumbnail\" alt=\"\" srcset=\"https:\/\/consultadisabili.fvg.it\/wp-content\/uploads\/2025\/09\/535cc971-263d-4765-a723-74ee18a14a801-66x66.jpg 66w, https:\/\/consultadisabili.fvg.it\/wp-content\/uploads\/2025\/09\/535cc971-263d-4765-a723-74ee18a14a801-150x150.jpg 150w\" sizes=\"(max-width: 150px) 100vw, 150px\" \/><\/a>\n\t\t\t<\/dt><\/dl><br style=\"clear: both\" \/><dl class='gallery-item'>\n\t\t\t<dt class='gallery-icon portrait'>\n\t\t\t\t<a data-rel=\"iLightbox[postimages]\" data-title=\"85fa26fc-fddd-44aa-999b-9168b83a1831(1)\" data-caption=\"\" href='https:\/\/consultadisabili.fvg.it\/?attachment_id=5439'><img width=\"150\" height=\"150\" src=\"https:\/\/consultadisabili.fvg.it\/wp-content\/uploads\/2025\/09\/85fa26fc-fddd-44aa-999b-9168b83a18311-150x150.jpg\" class=\"attachment-thumbnail size-thumbnail\" alt=\"\" srcset=\"https:\/\/consultadisabili.fvg.it\/wp-content\/uploads\/2025\/09\/85fa26fc-fddd-44aa-999b-9168b83a18311-66x66.jpg 66w, https:\/\/consultadisabili.fvg.it\/wp-content\/uploads\/2025\/09\/85fa26fc-fddd-44aa-999b-9168b83a18311-150x150.jpg 150w\" sizes=\"(max-width: 150px) 100vw, 150px\" \/><\/a>\n\t\t\t<\/dt><\/dl><dl class='gallery-item'>\n\t\t\t<dt class='gallery-icon portrait'>\n\t\t\t\t<a data-rel=\"iLightbox[postimages]\" data-title=\"84e7e0d7-447c-455b-b823-88f0d2fdccab\" data-caption=\"\" href='https:\/\/consultadisabili.fvg.it\/?attachment_id=5438'><img width=\"150\" height=\"150\" src=\"https:\/\/consultadisabili.fvg.it\/wp-content\/uploads\/2025\/09\/84e7e0d7-447c-455b-b823-88f0d2fdccab-150x150.jpg\" class=\"attachment-thumbnail size-thumbnail\" alt=\"\" srcset=\"https:\/\/consultadisabili.fvg.it\/wp-content\/uploads\/2025\/09\/84e7e0d7-447c-455b-b823-88f0d2fdccab-66x66.jpg 66w, https:\/\/consultadisabili.fvg.it\/wp-content\/uploads\/2025\/09\/84e7e0d7-447c-455b-b823-88f0d2fdccab-150x150.jpg 150w\" sizes=\"(max-width: 150px) 100vw, 150px\" \/><\/a>\n\t\t\t<\/dt><\/dl><dl class='gallery-item'>\n\t\t\t<dt class='gallery-icon portrait'>\n\t\t\t\t<a data-rel=\"iLightbox[postimages]\" data-title=\"25e84fb6-8c72-4ac9-8329-a899ddd70d71\" data-caption=\"\" href='https:\/\/consultadisabili.fvg.it\/?attachment_id=5436'><img width=\"150\" height=\"150\" src=\"https:\/\/consultadisabili.fvg.it\/wp-content\/uploads\/2025\/09\/25e84fb6-8c72-4ac9-8329-a899ddd70d71-150x150.jpg\" class=\"attachment-thumbnail size-thumbnail\" alt=\"\" srcset=\"https:\/\/consultadisabili.fvg.it\/wp-content\/uploads\/2025\/09\/25e84fb6-8c72-4ac9-8329-a899ddd70d71-66x66.jpg 66w, https:\/\/consultadisabili.fvg.it\/wp-content\/uploads\/2025\/09\/25e84fb6-8c72-4ac9-8329-a899ddd70d71-150x150.jpg 150w\" sizes=\"(max-width: 150px) 100vw, 150px\" \/><\/a>\n\t\t\t<\/dt><\/dl><br style=\"clear: both\" \/><dl class='gallery-item'>\n\t\t\t<dt class='gallery-icon landscape'>\n\t\t\t\t<a data-rel=\"iLightbox[postimages]\" data-title=\"7e38e57b-758e-47c7-8822-ef997a83852b(1)\" data-caption=\"\" href='https:\/\/consultadisabili.fvg.it\/?attachment_id=5433'><img width=\"150\" height=\"150\" src=\"https:\/\/consultadisabili.fvg.it\/wp-content\/uploads\/2025\/09\/7e38e57b-758e-47c7-8822-ef997a83852b1-150x150.jpg\" class=\"attachment-thumbnail size-thumbnail\" alt=\"\" srcset=\"https:\/\/consultadisabili.fvg.it\/wp-content\/uploads\/2025\/09\/7e38e57b-758e-47c7-8822-ef997a83852b1-66x66.jpg 66w, https:\/\/consultadisabili.fvg.it\/wp-content\/uploads\/2025\/09\/7e38e57b-758e-47c7-8822-ef997a83852b1-150x150.jpg 150w\" sizes=\"(max-width: 150px) 100vw, 150px\" \/><\/a>\n\t\t\t<\/dt><\/dl><dl class='gallery-item'>\n\t\t\t<dt class='gallery-icon portrait'>\n\t\t\t\t<a data-rel=\"iLightbox[postimages]\" data-title=\"2ab4b80b-6d18-4999-a15e-973edef374f4(1)\" data-caption=\"\" href='https:\/\/consultadisabili.fvg.it\/?attachment_id=5426'><img width=\"150\" height=\"150\" src=\"https:\/\/consultadisabili.fvg.it\/wp-content\/uploads\/2025\/09\/2ab4b80b-6d18-4999-a15e-973edef374f41-150x150.jpg\" class=\"attachment-thumbnail size-thumbnail\" alt=\"\" srcset=\"https:\/\/consultadisabili.fvg.it\/wp-content\/uploads\/2025\/09\/2ab4b80b-6d18-4999-a15e-973edef374f41-66x66.jpg 66w, https:\/\/consultadisabili.fvg.it\/wp-content\/uploads\/2025\/09\/2ab4b80b-6d18-4999-a15e-973edef374f41-150x150.jpg 150w\" sizes=\"(max-width: 150px) 100vw, 150px\" \/><\/a>\n\t\t\t<\/dt><\/dl><dl class='gallery-item'>\n\t\t\t<dt class='gallery-icon portrait'>\n\t\t\t\t<a data-rel=\"iLightbox[postimages]\" data-title=\"0c9348dc-4d26-4e23-be02-722b9b1060a8\" data-caption=\"\" href='https:\/\/consultadisabili.fvg.it\/?attachment_id=5425'><img width=\"150\" height=\"150\" src=\"https:\/\/consultadisabili.fvg.it\/wp-content\/uploads\/2025\/09\/0c9348dc-4d26-4e23-be02-722b9b1060a8-150x150.jpg\" class=\"attachment-thumbnail size-thumbnail\" alt=\"\" srcset=\"https:\/\/consultadisabili.fvg.it\/wp-content\/uploads\/2025\/09\/0c9348dc-4d26-4e23-be02-722b9b1060a8-66x66.jpg 66w, https:\/\/consultadisabili.fvg.it\/wp-content\/uploads\/2025\/09\/0c9348dc-4d26-4e23-be02-722b9b1060a8-150x150.jpg 150w\" sizes=\"(max-width: 150px) 100vw, 150px\" \/><\/a>\n\t\t\t<\/dt><\/dl><br style=\"clear: both\" \/><dl class='gallery-item'>\n\t\t\t<dt class='gallery-icon landscape'>\n\t\t\t\t<a data-rel=\"iLightbox[postimages]\" data-title=\"Premio regionale solidariet\u00e0\" data-caption=\"Bumbaca Gorizia                  @Pierluigi Bumbaca fotografo\" href='https:\/\/consultadisabili.fvg.it\/?attachment_id=5418'><img width=\"150\" height=\"150\" src=\"https:\/\/consultadisabili.fvg.it\/wp-content\/uploads\/2025\/09\/Premio-regionale-solidariet\u00e0-596-150x150.jpg\" class=\"attachment-thumbnail size-thumbnail\" alt=\"\" aria-describedby=\"gallery-1-5418\" srcset=\"https:\/\/consultadisabili.fvg.it\/wp-content\/uploads\/2025\/09\/Premio-regionale-solidariet\u00e0-596-66x66.jpg 66w, https:\/\/consultadisabili.fvg.it\/wp-content\/uploads\/2025\/09\/Premio-regionale-solidariet\u00e0-596-150x150.jpg 150w\" sizes=\"(max-width: 150px) 100vw, 150px\" \/><\/a>\n\t\t\t<\/dt>\n\t\t\t\t<dd class='wp-caption-text gallery-caption' id='gallery-1-5418'>\n\t\t\t\tBumbaca Gorizia                  @Pierluigi Bumbaca fotografo\n\t\t\t\t<\/dd><\/dl><dl class='gallery-item'>\n\t\t\t<dt class='gallery-icon landscape'>\n\t\t\t\t<a data-rel=\"iLightbox[postimages]\" data-title=\"Premio regionale solidariet\u00e0\" data-caption=\"Bumbaca Gorizia                  @Pierluigi Bumbaca fotografo\" href='https:\/\/consultadisabili.fvg.it\/?attachment_id=5417'><img width=\"150\" height=\"150\" src=\"https:\/\/consultadisabili.fvg.it\/wp-content\/uploads\/2025\/09\/Premio-regionale-solidariet\u00e0-592-150x150.jpg\" class=\"attachment-thumbnail size-thumbnail\" alt=\"\" aria-describedby=\"gallery-1-5417\" srcset=\"https:\/\/consultadisabili.fvg.it\/wp-content\/uploads\/2025\/09\/Premio-regionale-solidariet\u00e0-592-66x66.jpg 66w, https:\/\/consultadisabili.fvg.it\/wp-content\/uploads\/2025\/09\/Premio-regionale-solidariet\u00e0-592-150x150.jpg 150w\" sizes=\"(max-width: 150px) 100vw, 150px\" \/><\/a>\n\t\t\t<\/dt>\n\t\t\t\t<dd class='wp-caption-text gallery-caption' id='gallery-1-5417'>\n\t\t\t\tBumbaca Gorizia                  @Pierluigi Bumbaca fotografo\n\t\t\t\t<\/dd><\/dl><dl class='gallery-item'>\n\t\t\t<dt class='gallery-icon landscape'>\n\t\t\t\t<a data-rel=\"iLightbox[postimages]\" data-title=\"Premio regionale solidariet\u00e0\" data-caption=\"Bumbaca Gorizia                  @Pierluigi Bumbaca fotografo\" href='https:\/\/consultadisabili.fvg.it\/?attachment_id=5414'><img width=\"150\" height=\"150\" src=\"https:\/\/consultadisabili.fvg.it\/wp-content\/uploads\/2025\/09\/Premio-regionale-solidariet\u00e0-573-150x150.jpg\" class=\"attachment-thumbnail size-thumbnail\" alt=\"\" aria-describedby=\"gallery-1-5414\" srcset=\"https:\/\/consultadisabili.fvg.it\/wp-content\/uploads\/2025\/09\/Premio-regionale-solidariet\u00e0-573-66x66.jpg 66w, https:\/\/consultadisabili.fvg.it\/wp-content\/uploads\/2025\/09\/Premio-regionale-solidariet\u00e0-573-150x150.jpg 150w\" sizes=\"(max-width: 150px) 100vw, 150px\" \/><\/a>\n\t\t\t<\/dt>\n\t\t\t\t<dd class='wp-caption-text gallery-caption' id='gallery-1-5414'>\n\t\t\t\tBumbaca Gorizia                  @Pierluigi Bumbaca fotografo\n\t\t\t\t<\/dd><\/dl><br style=\"clear: both\" \/><dl class='gallery-item'>\n\t\t\t<dt class='gallery-icon landscape'>\n\t\t\t\t<a data-rel=\"iLightbox[postimages]\" data-title=\"Premio regionale solidariet\u00e0\" data-caption=\"Bumbaca Gorizia                  @Pierluigi Bumbaca fotografo\" href='https:\/\/consultadisabili.fvg.it\/?attachment_id=5413'><img width=\"150\" height=\"150\" src=\"https:\/\/consultadisabili.fvg.it\/wp-content\/uploads\/2025\/09\/Premio-regionale-solidariet\u00e0-569-150x150.jpg\" class=\"attachment-thumbnail size-thumbnail\" alt=\"\" aria-describedby=\"gallery-1-5413\" srcset=\"https:\/\/consultadisabili.fvg.it\/wp-content\/uploads\/2025\/09\/Premio-regionale-solidariet\u00e0-569-66x66.jpg 66w, https:\/\/consultadisabili.fvg.it\/wp-content\/uploads\/2025\/09\/Premio-regionale-solidariet\u00e0-569-150x150.jpg 150w\" sizes=\"(max-width: 150px) 100vw, 150px\" \/><\/a>\n\t\t\t<\/dt>\n\t\t\t\t<dd class='wp-caption-text gallery-caption' id='gallery-1-5413'>\n\t\t\t\tBumbaca Gorizia                  @Pierluigi Bumbaca fotografo\n\t\t\t\t<\/dd><\/dl><dl class='gallery-item'>\n\t\t\t<dt class='gallery-icon landscape'>\n\t\t\t\t<a data-rel=\"iLightbox[postimages]\" data-title=\"Premio regionale solidariet\u00e0\" data-caption=\"Bumbaca Gorizia                  @Pierluigi Bumbaca fotografo\" href='https:\/\/consultadisabili.fvg.it\/?attachment_id=5412'><img width=\"150\" height=\"150\" src=\"https:\/\/consultadisabili.fvg.it\/wp-content\/uploads\/2025\/09\/Premio-regionale-solidariet\u00e0-565-150x150.jpg\" class=\"attachment-thumbnail size-thumbnail\" alt=\"\" aria-describedby=\"gallery-1-5412\" srcset=\"https:\/\/consultadisabili.fvg.it\/wp-content\/uploads\/2025\/09\/Premio-regionale-solidariet\u00e0-565-66x66.jpg 66w, https:\/\/consultadisabili.fvg.it\/wp-content\/uploads\/2025\/09\/Premio-regionale-solidariet\u00e0-565-150x150.jpg 150w\" sizes=\"(max-width: 150px) 100vw, 150px\" \/><\/a>\n\t\t\t<\/dt>\n\t\t\t\t<dd class='wp-caption-text gallery-caption' id='gallery-1-5412'>\n\t\t\t\tBumbaca Gorizia                  @Pierluigi Bumbaca fotografo\n\t\t\t\t<\/dd><\/dl>\n\t\t\t<br style='clear: both' \/>\n\t\t<\/div>\n\n\n\t\t<style type=\"text\/css\">\n\t\t\t#gallery-2 {\n\t\t\t\tmargin: auto;\n\t\t\t}\n\t\t\t#gallery-2 .gallery-item {\n\t\t\t\tfloat: left;\n\t\t\t\tmargin-top: 10px;\n\t\t\t\ttext-align: center;\n\t\t\t\twidth: 33%;\n\t\t\t}\n\t\t\t#gallery-2 img {\n\t\t\t\tborder: 2px solid #cfcfcf;\n\t\t\t}\n\t\t\t#gallery-2 .gallery-caption {\n\t\t\t\tmargin-left: 0;\n\t\t\t}\n\t\t\t\/* see gallery_shortcode() in wp-includes\/media.php *\/\n\t\t<\/style>\n\t\t<div id='gallery-2' class='gallery galleryid-0 gallery-columns-3 gallery-size-thumbnail'><dl class='gallery-item'>\n\t\t\t<dt class='gallery-icon landscape'>\n\t\t\t\t<a data-rel=\"iLightbox[postimages]\" data-title=\"Premio regionale solidariet\u00e0\" data-caption=\"Bumbaca Gorizia                  @Pierluigi Bumbaca fotografo\" href='https:\/\/consultadisabili.fvg.it\/?attachment_id=5317'><img width=\"150\" height=\"150\" src=\"https:\/\/consultadisabili.fvg.it\/wp-content\/uploads\/2025\/09\/Premio-regionale-solidariet\u00e0-015-150x150.jpg\" class=\"attachment-thumbnail size-thumbnail\" alt=\"\" aria-describedby=\"gallery-2-5317\" srcset=\"https:\/\/consultadisabili.fvg.it\/wp-content\/uploads\/2025\/09\/Premio-regionale-solidariet\u00e0-015-66x66.jpg 66w, https:\/\/consultadisabili.fvg.it\/wp-content\/uploads\/2025\/09\/Premio-regionale-solidariet\u00e0-015-150x150.jpg 150w\" sizes=\"(max-width: 150px) 100vw, 150px\" \/><\/a>\n\t\t\t<\/dt>\n\t\t\t\t<dd class='wp-caption-text gallery-caption' id='gallery-2-5317'>\n\t\t\t\tBumbaca Gorizia                  @Pierluigi Bumbaca fotografo\n\t\t\t\t<\/dd><\/dl><dl class='gallery-item'>\n\t\t\t<dt class='gallery-icon landscape'>\n\t\t\t\t<a data-rel=\"iLightbox[postimages]\" data-title=\"Premio regionale solidariet\u00e0\" data-caption=\"Bumbaca Gorizia                  @Pierluigi Bumbaca fotografo\" href='https:\/\/consultadisabili.fvg.it\/?attachment_id=5318'><img width=\"150\" height=\"150\" src=\"https:\/\/consultadisabili.fvg.it\/wp-content\/uploads\/2025\/09\/Premio-regionale-solidariet\u00e0-026-150x150.jpg\" class=\"attachment-thumbnail size-thumbnail\" alt=\"\" aria-describedby=\"gallery-2-5318\" srcset=\"https:\/\/consultadisabili.fvg.it\/wp-content\/uploads\/2025\/09\/Premio-regionale-solidariet\u00e0-026-66x66.jpg 66w, https:\/\/consultadisabili.fvg.it\/wp-content\/uploads\/2025\/09\/Premio-regionale-solidariet\u00e0-026-150x150.jpg 150w\" sizes=\"(max-width: 150px) 100vw, 150px\" \/><\/a>\n\t\t\t<\/dt>\n\t\t\t\t<dd class='wp-caption-text gallery-caption' id='gallery-2-5318'>\n\t\t\t\tBumbaca Gorizia                  @Pierluigi Bumbaca fotografo\n\t\t\t\t<\/dd><\/dl><dl class='gallery-item'>\n\t\t\t<dt class='gallery-icon landscape'>\n\t\t\t\t<a data-rel=\"iLightbox[postimages]\" data-title=\"Premio regionale solidariet\u00e0\" data-caption=\"Bumbaca Gorizia                  @Pierluigi Bumbaca fotografo\" href='https:\/\/consultadisabili.fvg.it\/?attachment_id=5319'><img width=\"150\" height=\"150\" src=\"https:\/\/consultadisabili.fvg.it\/wp-content\/uploads\/2025\/09\/Premio-regionale-solidariet\u00e0-032-150x150.jpg\" class=\"attachment-thumbnail size-thumbnail\" alt=\"\" aria-describedby=\"gallery-2-5319\" srcset=\"https:\/\/consultadisabili.fvg.it\/wp-content\/uploads\/2025\/09\/Premio-regionale-solidariet\u00e0-032-66x66.jpg 66w, https:\/\/consultadisabili.fvg.it\/wp-content\/uploads\/2025\/09\/Premio-regionale-solidariet\u00e0-032-150x150.jpg 150w\" sizes=\"(max-width: 150px) 100vw, 150px\" \/><\/a>\n\t\t\t<\/dt>\n\t\t\t\t<dd class='wp-caption-text gallery-caption' id='gallery-2-5319'>\n\t\t\t\tBumbaca Gorizia                  @Pierluigi Bumbaca fotografo\n\t\t\t\t<\/dd><\/dl><br style=\"clear: both\" \/><dl class='gallery-item'>\n\t\t\t<dt class='gallery-icon landscape'>\n\t\t\t\t<a data-rel=\"iLightbox[postimages]\" data-title=\"Premio regionale solidariet\u00e0\" data-caption=\"Bumbaca Gorizia                  @Pierluigi Bumbaca fotografo\" href='https:\/\/consultadisabili.fvg.it\/?attachment_id=5320'><img width=\"150\" height=\"150\" src=\"https:\/\/consultadisabili.fvg.it\/wp-content\/uploads\/2025\/09\/Premio-regionale-solidariet\u00e0-039-150x150.jpg\" class=\"attachment-thumbnail size-thumbnail\" alt=\"\" aria-describedby=\"gallery-2-5320\" srcset=\"https:\/\/consultadisabili.fvg.it\/wp-content\/uploads\/2025\/09\/Premio-regionale-solidariet\u00e0-039-66x66.jpg 66w, https:\/\/consultadisabili.fvg.it\/wp-content\/uploads\/2025\/09\/Premio-regionale-solidariet\u00e0-039-150x150.jpg 150w\" sizes=\"(max-width: 150px) 100vw, 150px\" \/><\/a>\n\t\t\t<\/dt>\n\t\t\t\t<dd class='wp-caption-text gallery-caption' id='gallery-2-5320'>\n\t\t\t\tBumbaca Gorizia                  @Pierluigi Bumbaca fotografo\n\t\t\t\t<\/dd><\/dl><dl class='gallery-item'>\n\t\t\t<dt class='gallery-icon landscape'>\n\t\t\t\t<a data-rel=\"iLightbox[postimages]\" data-title=\"Premio regionale solidariet\u00e0\" data-caption=\"Bumbaca Gorizia                  @Pierluigi Bumbaca fotografo\" href='https:\/\/consultadisabili.fvg.it\/?attachment_id=5321'><img width=\"150\" height=\"150\" src=\"https:\/\/consultadisabili.fvg.it\/wp-content\/uploads\/2025\/09\/Premio-regionale-solidariet\u00e0-041-150x150.jpg\" class=\"attachment-thumbnail size-thumbnail\" alt=\"\" aria-describedby=\"gallery-2-5321\" srcset=\"https:\/\/consultadisabili.fvg.it\/wp-content\/uploads\/2025\/09\/Premio-regionale-solidariet\u00e0-041-66x66.jpg 66w, https:\/\/consultadisabili.fvg.it\/wp-content\/uploads\/2025\/09\/Premio-regionale-solidariet\u00e0-041-150x150.jpg 150w\" sizes=\"(max-width: 150px) 100vw, 150px\" \/><\/a>\n\t\t\t<\/dt>\n\t\t\t\t<dd class='wp-caption-text gallery-caption' id='gallery-2-5321'>\n\t\t\t\tBumbaca Gorizia                  @Pierluigi Bumbaca fotografo\n\t\t\t\t<\/dd><\/dl><dl class='gallery-item'>\n\t\t\t<dt class='gallery-icon landscape'>\n\t\t\t\t<a data-rel=\"iLightbox[postimages]\" data-title=\"Premio regionale solidariet\u00e0\" data-caption=\"Bumbaca Gorizia                  @Pierluigi Bumbaca fotografo\" href='https:\/\/consultadisabili.fvg.it\/?attachment_id=5322'><img width=\"150\" height=\"150\" src=\"https:\/\/consultadisabili.fvg.it\/wp-content\/uploads\/2025\/09\/Premio-regionale-solidariet\u00e0-048-150x150.jpg\" class=\"attachment-thumbnail size-thumbnail\" alt=\"\" aria-describedby=\"gallery-2-5322\" srcset=\"https:\/\/consultadisabili.fvg.it\/wp-content\/uploads\/2025\/09\/Premio-regionale-solidariet\u00e0-048-66x66.jpg 66w, https:\/\/consultadisabili.fvg.it\/wp-content\/uploads\/2025\/09\/Premio-regionale-solidariet\u00e0-048-150x150.jpg 150w\" sizes=\"(max-width: 150px) 100vw, 150px\" \/><\/a>\n\t\t\t<\/dt>\n\t\t\t\t<dd class='wp-caption-text gallery-caption' id='gallery-2-5322'>\n\t\t\t\tBumbaca Gorizia                  @Pierluigi Bumbaca fotografo\n\t\t\t\t<\/dd><\/dl><br style=\"clear: both\" \/><dl class='gallery-item'>\n\t\t\t<dt class='gallery-icon landscape'>\n\t\t\t\t<a data-rel=\"iLightbox[postimages]\" data-title=\"Premio regionale solidariet\u00e0\" data-caption=\"Bumbaca Gorizia                  @Pierluigi Bumbaca fotografo\" href='https:\/\/consultadisabili.fvg.it\/?attachment_id=5323'><img width=\"150\" height=\"150\" src=\"https:\/\/consultadisabili.fvg.it\/wp-content\/uploads\/2025\/09\/Premio-regionale-solidariet\u00e0-058-150x150.jpg\" class=\"attachment-thumbnail size-thumbnail\" alt=\"\" aria-describedby=\"gallery-2-5323\" srcset=\"https:\/\/consultadisabili.fvg.it\/wp-content\/uploads\/2025\/09\/Premio-regionale-solidariet\u00e0-058-66x66.jpg 66w, https:\/\/consultadisabili.fvg.it\/wp-content\/uploads\/2025\/09\/Premio-regionale-solidariet\u00e0-058-150x150.jpg 150w\" sizes=\"(max-width: 150px) 100vw, 150px\" \/><\/a>\n\t\t\t<\/dt>\n\t\t\t\t<dd class='wp-caption-text gallery-caption' id='gallery-2-5323'>\n\t\t\t\tBumbaca Gorizia                  @Pierluigi Bumbaca fotografo\n\t\t\t\t<\/dd><\/dl><dl class='gallery-item'>\n\t\t\t<dt class='gallery-icon landscape'>\n\t\t\t\t<a data-rel=\"iLightbox[postimages]\" data-title=\"Premio regionale solidariet\u00e0\" data-caption=\"Bumbaca Gorizia                  @Pierluigi Bumbaca fotografo\" href='https:\/\/consultadisabili.fvg.it\/?attachment_id=5324'><img width=\"150\" height=\"150\" src=\"https:\/\/consultadisabili.fvg.it\/wp-content\/uploads\/2025\/09\/Premio-regionale-solidariet\u00e0-084-150x150.jpg\" class=\"attachment-thumbnail size-thumbnail\" alt=\"\" aria-describedby=\"gallery-2-5324\" srcset=\"https:\/\/consultadisabili.fvg.it\/wp-content\/uploads\/2025\/09\/Premio-regionale-solidariet\u00e0-084-66x66.jpg 66w, https:\/\/consultadisabili.fvg.it\/wp-content\/uploads\/2025\/09\/Premio-regionale-solidariet\u00e0-084-150x150.jpg 150w\" sizes=\"(max-width: 150px) 100vw, 150px\" \/><\/a>\n\t\t\t<\/dt>\n\t\t\t\t<dd class='wp-caption-text gallery-caption' id='gallery-2-5324'>\n\t\t\t\tBumbaca Gorizia                  @Pierluigi Bumbaca fotografo\n\t\t\t\t<\/dd><\/dl><dl class='gallery-item'>\n\t\t\t<dt class='gallery-icon landscape'>\n\t\t\t\t<a data-rel=\"iLightbox[postimages]\" data-title=\"Premio regionale solidariet\u00e0\" data-caption=\"Bumbaca Gorizia                  @Pierluigi Bumbaca fotografo\" href='https:\/\/consultadisabili.fvg.it\/?attachment_id=5326'><img width=\"150\" height=\"150\" src=\"https:\/\/consultadisabili.fvg.it\/wp-content\/uploads\/2025\/09\/Premio-regionale-solidariet\u00e0-118-150x150.jpg\" class=\"attachment-thumbnail size-thumbnail\" alt=\"\" aria-describedby=\"gallery-2-5326\" srcset=\"https:\/\/consultadisabili.fvg.it\/wp-content\/uploads\/2025\/09\/Premio-regionale-solidariet\u00e0-118-66x66.jpg 66w, https:\/\/consultadisabili.fvg.it\/wp-content\/uploads\/2025\/09\/Premio-regionale-solidariet\u00e0-118-150x150.jpg 150w\" sizes=\"(max-width: 150px) 100vw, 150px\" \/><\/a>\n\t\t\t<\/dt>\n\t\t\t\t<dd class='wp-caption-text gallery-caption' id='gallery-2-5326'>\n\t\t\t\tBumbaca Gorizia                  @Pierluigi Bumbaca fotografo\n\t\t\t\t<\/dd><\/dl><br style=\"clear: both\" \/><dl class='gallery-item'>\n\t\t\t<dt class='gallery-icon landscape'>\n\t\t\t\t<a data-rel=\"iLightbox[postimages]\" data-title=\"Premio regionale solidariet\u00e0\" data-caption=\"Bumbaca Gorizia                  @Pierluigi Bumbaca fotografo\" href='https:\/\/consultadisabili.fvg.it\/?attachment_id=5327'><img width=\"150\" height=\"150\" src=\"https:\/\/consultadisabili.fvg.it\/wp-content\/uploads\/2025\/09\/Premio-regionale-solidariet\u00e0-126-150x150.jpg\" class=\"attachment-thumbnail size-thumbnail\" alt=\"\" aria-describedby=\"gallery-2-5327\" srcset=\"https:\/\/consultadisabili.fvg.it\/wp-content\/uploads\/2025\/09\/Premio-regionale-solidariet\u00e0-126-66x66.jpg 66w, https:\/\/consultadisabili.fvg.it\/wp-content\/uploads\/2025\/09\/Premio-regionale-solidariet\u00e0-126-150x150.jpg 150w\" sizes=\"(max-width: 150px) 100vw, 150px\" \/><\/a>\n\t\t\t<\/dt>\n\t\t\t\t<dd class='wp-caption-text gallery-caption' id='gallery-2-5327'>\n\t\t\t\tBumbaca Gorizia                  @Pierluigi Bumbaca fotografo\n\t\t\t\t<\/dd><\/dl><dl class='gallery-item'>\n\t\t\t<dt class='gallery-icon landscape'>\n\t\t\t\t<a data-rel=\"iLightbox[postimages]\" data-title=\"Premio regionale solidariet\u00e0\" data-caption=\"Bumbaca Gorizia                  @Pierluigi Bumbaca fotografo\" href='https:\/\/consultadisabili.fvg.it\/?attachment_id=5328'><img width=\"150\" height=\"150\" src=\"https:\/\/consultadisabili.fvg.it\/wp-content\/uploads\/2025\/09\/Premio-regionale-solidariet\u00e0-141-150x150.jpg\" class=\"attachment-thumbnail size-thumbnail\" alt=\"\" aria-describedby=\"gallery-2-5328\" srcset=\"https:\/\/consultadisabili.fvg.it\/wp-content\/uploads\/2025\/09\/Premio-regionale-solidariet\u00e0-141-66x66.jpg 66w, https:\/\/consultadisabili.fvg.it\/wp-content\/uploads\/2025\/09\/Premio-regionale-solidariet\u00e0-141-150x150.jpg 150w\" sizes=\"(max-width: 150px) 100vw, 150px\" \/><\/a>\n\t\t\t<\/dt>\n\t\t\t\t<dd class='wp-caption-text gallery-caption' id='gallery-2-5328'>\n\t\t\t\tBumbaca Gorizia                  @Pierluigi Bumbaca fotografo\n\t\t\t\t<\/dd><\/dl><dl class='gallery-item'>\n\t\t\t<dt class='gallery-icon landscape'>\n\t\t\t\t<a data-rel=\"iLightbox[postimages]\" data-title=\"Premio regionale solidariet\u00e0\" data-caption=\"Bumbaca Gorizia                  @Pierluigi Bumbaca fotografo\" href='https:\/\/consultadisabili.fvg.it\/?attachment_id=5329'><img width=\"150\" height=\"150\" src=\"https:\/\/consultadisabili.fvg.it\/wp-content\/uploads\/2025\/09\/Premio-regionale-solidariet\u00e0-153-150x150.jpg\" class=\"attachment-thumbnail size-thumbnail\" alt=\"\" aria-describedby=\"gallery-2-5329\" srcset=\"https:\/\/consultadisabili.fvg.it\/wp-content\/uploads\/2025\/09\/Premio-regionale-solidariet\u00e0-153-66x66.jpg 66w, https:\/\/consultadisabili.fvg.it\/wp-content\/uploads\/2025\/09\/Premio-regionale-solidariet\u00e0-153-150x150.jpg 150w\" sizes=\"(max-width: 150px) 100vw, 150px\" \/><\/a>\n\t\t\t<\/dt>\n\t\t\t\t<dd class='wp-caption-text gallery-caption' id='gallery-2-5329'>\n\t\t\t\tBumbaca Gorizia                  @Pierluigi Bumbaca fotografo\n\t\t\t\t<\/dd><\/dl><br style=\"clear: both\" \/><dl class='gallery-item'>\n\t\t\t<dt class='gallery-icon landscape'>\n\t\t\t\t<a data-rel=\"iLightbox[postimages]\" data-title=\"Premio regionale solidariet\u00e0\" data-caption=\"Bumbaca Gorizia                  @Pierluigi Bumbaca fotografo\" href='https:\/\/consultadisabili.fvg.it\/?attachment_id=5330'><img width=\"150\" height=\"150\" src=\"https:\/\/consultadisabili.fvg.it\/wp-content\/uploads\/2025\/09\/Premio-regionale-solidariet\u00e0-158-150x150.jpg\" class=\"attachment-thumbnail size-thumbnail\" alt=\"\" aria-describedby=\"gallery-2-5330\" srcset=\"https:\/\/consultadisabili.fvg.it\/wp-content\/uploads\/2025\/09\/Premio-regionale-solidariet\u00e0-158-66x66.jpg 66w, https:\/\/consultadisabili.fvg.it\/wp-content\/uploads\/2025\/09\/Premio-regionale-solidariet\u00e0-158-150x150.jpg 150w\" sizes=\"(max-width: 150px) 100vw, 150px\" \/><\/a>\n\t\t\t<\/dt>\n\t\t\t\t<dd class='wp-caption-text gallery-caption' id='gallery-2-5330'>\n\t\t\t\tBumbaca Gorizia                  @Pierluigi Bumbaca fotografo\n\t\t\t\t<\/dd><\/dl><dl class='gallery-item'>\n\t\t\t<dt class='gallery-icon landscape'>\n\t\t\t\t<a data-rel=\"iLightbox[postimages]\" data-title=\"Premio regionale solidariet\u00e0\" data-caption=\"Bumbaca Gorizia                  @Pierluigi Bumbaca fotografo\" href='https:\/\/consultadisabili.fvg.it\/?attachment_id=5331'><img width=\"150\" height=\"150\" src=\"https:\/\/consultadisabili.fvg.it\/wp-content\/uploads\/2025\/09\/Premio-regionale-solidariet\u00e0-165-150x150.jpg\" class=\"attachment-thumbnail size-thumbnail\" alt=\"\" aria-describedby=\"gallery-2-5331\" srcset=\"https:\/\/consultadisabili.fvg.it\/wp-content\/uploads\/2025\/09\/Premio-regionale-solidariet\u00e0-165-66x66.jpg 66w, https:\/\/consultadisabili.fvg.it\/wp-content\/uploads\/2025\/09\/Premio-regionale-solidariet\u00e0-165-150x150.jpg 150w\" sizes=\"(max-width: 150px) 100vw, 150px\" \/><\/a>\n\t\t\t<\/dt>\n\t\t\t\t<dd class='wp-caption-text gallery-caption' id='gallery-2-5331'>\n\t\t\t\tBumbaca Gorizia                  @Pierluigi Bumbaca fotografo\n\t\t\t\t<\/dd><\/dl><dl class='gallery-item'>\n\t\t\t<dt class='gallery-icon landscape'>\n\t\t\t\t<a data-rel=\"iLightbox[postimages]\" data-title=\"Premio regionale solidariet\u00e0\" data-caption=\"Bumbaca Gorizia                  @Pierluigi Bumbaca fotografo\" href='https:\/\/consultadisabili.fvg.it\/?attachment_id=5332'><img width=\"150\" height=\"150\" src=\"https:\/\/consultadisabili.fvg.it\/wp-content\/uploads\/2025\/09\/Premio-regionale-solidariet\u00e0-169-150x150.jpg\" class=\"attachment-thumbnail size-thumbnail\" alt=\"\" aria-describedby=\"gallery-2-5332\" srcset=\"https:\/\/consultadisabili.fvg.it\/wp-content\/uploads\/2025\/09\/Premio-regionale-solidariet\u00e0-169-66x66.jpg 66w, https:\/\/consultadisabili.fvg.it\/wp-content\/uploads\/2025\/09\/Premio-regionale-solidariet\u00e0-169-150x150.jpg 150w\" sizes=\"(max-width: 150px) 100vw, 150px\" \/><\/a>\n\t\t\t<\/dt>\n\t\t\t\t<dd class='wp-caption-text gallery-caption' id='gallery-2-5332'>\n\t\t\t\tBumbaca Gorizia                  @Pierluigi Bumbaca fotografo\n\t\t\t\t<\/dd><\/dl><br style=\"clear: both\" \/><dl class='gallery-item'>\n\t\t\t<dt class='gallery-icon landscape'>\n\t\t\t\t<a data-rel=\"iLightbox[postimages]\" data-title=\"Premio regionale solidariet\u00e0\" data-caption=\"Bumbaca Gorizia                  @Pierluigi Bumbaca fotografo\" href='https:\/\/consultadisabili.fvg.it\/?attachment_id=5333'><img width=\"150\" height=\"150\" src=\"https:\/\/consultadisabili.fvg.it\/wp-content\/uploads\/2025\/09\/Premio-regionale-solidariet\u00e0-174-150x150.jpg\" class=\"attachment-thumbnail size-thumbnail\" alt=\"\" aria-describedby=\"gallery-2-5333\" srcset=\"https:\/\/consultadisabili.fvg.it\/wp-content\/uploads\/2025\/09\/Premio-regionale-solidariet\u00e0-174-66x66.jpg 66w, https:\/\/consultadisabili.fvg.it\/wp-content\/uploads\/2025\/09\/Premio-regionale-solidariet\u00e0-174-150x150.jpg 150w\" sizes=\"(max-width: 150px) 100vw, 150px\" \/><\/a>\n\t\t\t<\/dt>\n\t\t\t\t<dd class='wp-caption-text gallery-caption' id='gallery-2-5333'>\n\t\t\t\tBumbaca Gorizia                  @Pierluigi Bumbaca fotografo\n\t\t\t\t<\/dd><\/dl><dl class='gallery-item'>\n\t\t\t<dt class='gallery-icon landscape'>\n\t\t\t\t<a data-rel=\"iLightbox[postimages]\" data-title=\"Premio regionale solidariet\u00e0\" data-caption=\"Bumbaca Gorizia                  @Pierluigi Bumbaca fotografo\" href='https:\/\/consultadisabili.fvg.it\/?attachment_id=5334'><img width=\"150\" height=\"150\" src=\"https:\/\/consultadisabili.fvg.it\/wp-content\/uploads\/2025\/09\/Premio-regionale-solidariet\u00e0-185-150x150.jpg\" class=\"attachment-thumbnail size-thumbnail\" alt=\"\" aria-describedby=\"gallery-2-5334\" srcset=\"https:\/\/consultadisabili.fvg.it\/wp-content\/uploads\/2025\/09\/Premio-regionale-solidariet\u00e0-185-66x66.jpg 66w, https:\/\/consultadisabili.fvg.it\/wp-content\/uploads\/2025\/09\/Premio-regionale-solidariet\u00e0-185-150x150.jpg 150w\" sizes=\"(max-width: 150px) 100vw, 150px\" \/><\/a>\n\t\t\t<\/dt>\n\t\t\t\t<dd class='wp-caption-text gallery-caption' id='gallery-2-5334'>\n\t\t\t\tBumbaca Gorizia                  @Pierluigi Bumbaca fotografo\n\t\t\t\t<\/dd><\/dl><dl class='gallery-item'>\n\t\t\t<dt class='gallery-icon landscape'>\n\t\t\t\t<a data-rel=\"iLightbox[postimages]\" data-title=\"Premio regionale solidariet\u00e0\" data-caption=\"Bumbaca Gorizia                  @Pierluigi Bumbaca fotografo\" href='https:\/\/consultadisabili.fvg.it\/?attachment_id=5335'><img width=\"150\" height=\"150\" src=\"https:\/\/consultadisabili.fvg.it\/wp-content\/uploads\/2025\/09\/Premio-regionale-solidariet\u00e0-194-150x150.jpg\" class=\"attachment-thumbnail size-thumbnail\" alt=\"\" aria-describedby=\"gallery-2-5335\" srcset=\"https:\/\/consultadisabili.fvg.it\/wp-content\/uploads\/2025\/09\/Premio-regionale-solidariet\u00e0-194-66x66.jpg 66w, https:\/\/consultadisabili.fvg.it\/wp-content\/uploads\/2025\/09\/Premio-regionale-solidariet\u00e0-194-150x150.jpg 150w\" sizes=\"(max-width: 150px) 100vw, 150px\" \/><\/a>\n\t\t\t<\/dt>\n\t\t\t\t<dd class='wp-caption-text gallery-caption' id='gallery-2-5335'>\n\t\t\t\tBumbaca Gorizia                  @Pierluigi Bumbaca fotografo\n\t\t\t\t<\/dd><\/dl><br style=\"clear: both\" \/><dl class='gallery-item'>\n\t\t\t<dt class='gallery-icon landscape'>\n\t\t\t\t<a data-rel=\"iLightbox[postimages]\" data-title=\"Premio regionale solidariet\u00e0\" data-caption=\"Bumbaca Gorizia                  @Pierluigi Bumbaca fotografo\" href='https:\/\/consultadisabili.fvg.it\/?attachment_id=5336'><img width=\"150\" height=\"150\" src=\"https:\/\/consultadisabili.fvg.it\/wp-content\/uploads\/2025\/09\/Premio-regionale-solidariet\u00e0-200-150x150.jpg\" class=\"attachment-thumbnail size-thumbnail\" alt=\"\" aria-describedby=\"gallery-2-5336\" srcset=\"https:\/\/consultadisabili.fvg.it\/wp-content\/uploads\/2025\/09\/Premio-regionale-solidariet\u00e0-200-66x66.jpg 66w, https:\/\/consultadisabili.fvg.it\/wp-content\/uploads\/2025\/09\/Premio-regionale-solidariet\u00e0-200-150x150.jpg 150w\" sizes=\"(max-width: 150px) 100vw, 150px\" \/><\/a>\n\t\t\t<\/dt>\n\t\t\t\t<dd class='wp-caption-text gallery-caption' id='gallery-2-5336'>\n\t\t\t\tBumbaca Gorizia                  @Pierluigi Bumbaca fotografo\n\t\t\t\t<\/dd><\/dl><dl class='gallery-item'>\n\t\t\t<dt class='gallery-icon landscape'>\n\t\t\t\t<a data-rel=\"iLightbox[postimages]\" data-title=\"Premio regionale solidariet\u00e0\" data-caption=\"Bumbaca Gorizia                  @Pierluigi Bumbaca fotografo\" href='https:\/\/consultadisabili.fvg.it\/?attachment_id=5337'><img width=\"150\" height=\"150\" src=\"https:\/\/consultadisabili.fvg.it\/wp-content\/uploads\/2025\/09\/Premio-regionale-solidariet\u00e0-209-150x150.jpg\" class=\"attachment-thumbnail size-thumbnail\" alt=\"\" aria-describedby=\"gallery-2-5337\" srcset=\"https:\/\/consultadisabili.fvg.it\/wp-content\/uploads\/2025\/09\/Premio-regionale-solidariet\u00e0-209-66x66.jpg 66w, https:\/\/consultadisabili.fvg.it\/wp-content\/uploads\/2025\/09\/Premio-regionale-solidariet\u00e0-209-150x150.jpg 150w\" sizes=\"(max-width: 150px) 100vw, 150px\" \/><\/a>\n\t\t\t<\/dt>\n\t\t\t\t<dd class='wp-caption-text gallery-caption' id='gallery-2-5337'>\n\t\t\t\tBumbaca Gorizia                  @Pierluigi Bumbaca fotografo\n\t\t\t\t<\/dd><\/dl><dl class='gallery-item'>\n\t\t\t<dt class='gallery-icon landscape'>\n\t\t\t\t<a data-rel=\"iLightbox[postimages]\" data-title=\"Premio regionale solidariet\u00e0\" data-caption=\"Bumbaca Gorizia                  @Pierluigi Bumbaca fotografo\" href='https:\/\/consultadisabili.fvg.it\/?attachment_id=5338'><img width=\"150\" height=\"150\" src=\"https:\/\/consultadisabili.fvg.it\/wp-content\/uploads\/2025\/09\/Premio-regionale-solidariet\u00e0-219-150x150.jpg\" class=\"attachment-thumbnail size-thumbnail\" alt=\"\" aria-describedby=\"gallery-2-5338\" srcset=\"https:\/\/consultadisabili.fvg.it\/wp-content\/uploads\/2025\/09\/Premio-regionale-solidariet\u00e0-219-66x66.jpg 66w, https:\/\/consultadisabili.fvg.it\/wp-content\/uploads\/2025\/09\/Premio-regionale-solidariet\u00e0-219-150x150.jpg 150w\" sizes=\"(max-width: 150px) 100vw, 150px\" \/><\/a>\n\t\t\t<\/dt>\n\t\t\t\t<dd class='wp-caption-text gallery-caption' id='gallery-2-5338'>\n\t\t\t\tBumbaca Gorizia                  @Pierluigi Bumbaca fotografo\n\t\t\t\t<\/dd><\/dl><br style=\"clear: both\" \/><dl class='gallery-item'>\n\t\t\t<dt class='gallery-icon landscape'>\n\t\t\t\t<a data-rel=\"iLightbox[postimages]\" data-title=\"Premio regionale solidariet\u00e0\" data-caption=\"Bumbaca Gorizia                  @Pierluigi Bumbaca fotografo\" href='https:\/\/consultadisabili.fvg.it\/?attachment_id=5339'><img width=\"150\" height=\"150\" src=\"https:\/\/consultadisabili.fvg.it\/wp-content\/uploads\/2025\/09\/Premio-regionale-solidariet\u00e0-224-150x150.jpg\" class=\"attachment-thumbnail size-thumbnail\" alt=\"\" aria-describedby=\"gallery-2-5339\" srcset=\"https:\/\/consultadisabili.fvg.it\/wp-content\/uploads\/2025\/09\/Premio-regionale-solidariet\u00e0-224-66x66.jpg 66w, https:\/\/consultadisabili.fvg.it\/wp-content\/uploads\/2025\/09\/Premio-regionale-solidariet\u00e0-224-150x150.jpg 150w\" sizes=\"(max-width: 150px) 100vw, 150px\" \/><\/a>\n\t\t\t<\/dt>\n\t\t\t\t<dd class='wp-caption-text gallery-caption' id='gallery-2-5339'>\n\t\t\t\tBumbaca Gorizia                  @Pierluigi Bumbaca fotografo\n\t\t\t\t<\/dd><\/dl><dl class='gallery-item'>\n\t\t\t<dt class='gallery-icon landscape'>\n\t\t\t\t<a data-rel=\"iLightbox[postimages]\" data-title=\"Premio regionale solidariet\u00e0\" data-caption=\"Bumbaca Gorizia                  @Pierluigi Bumbaca fotografo\" href='https:\/\/consultadisabili.fvg.it\/?attachment_id=5340'><img width=\"150\" height=\"150\" src=\"https:\/\/consultadisabili.fvg.it\/wp-content\/uploads\/2025\/09\/Premio-regionale-solidariet\u00e0-230-150x150.jpg\" class=\"attachment-thumbnail size-thumbnail\" alt=\"\" aria-describedby=\"gallery-2-5340\" srcset=\"https:\/\/consultadisabili.fvg.it\/wp-content\/uploads\/2025\/09\/Premio-regionale-solidariet\u00e0-230-66x66.jpg 66w, https:\/\/consultadisabili.fvg.it\/wp-content\/uploads\/2025\/09\/Premio-regionale-solidariet\u00e0-230-150x150.jpg 150w\" sizes=\"(max-width: 150px) 100vw, 150px\" \/><\/a>\n\t\t\t<\/dt>\n\t\t\t\t<dd class='wp-caption-text gallery-caption' id='gallery-2-5340'>\n\t\t\t\tBumbaca Gorizia                  @Pierluigi Bumbaca fotografo\n\t\t\t\t<\/dd><\/dl><dl class='gallery-item'>\n\t\t\t<dt class='gallery-icon landscape'>\n\t\t\t\t<a data-rel=\"iLightbox[postimages]\" data-title=\"Premio regionale solidariet\u00e0\" data-caption=\"Bumbaca Gorizia                  @Pierluigi Bumbaca fotografo\" href='https:\/\/consultadisabili.fvg.it\/?attachment_id=5341'><img width=\"150\" height=\"150\" src=\"https:\/\/consultadisabili.fvg.it\/wp-content\/uploads\/2025\/09\/Premio-regionale-solidariet\u00e0-233-150x150.jpg\" class=\"attachment-thumbnail size-thumbnail\" alt=\"\" aria-describedby=\"gallery-2-5341\" srcset=\"https:\/\/consultadisabili.fvg.it\/wp-content\/uploads\/2025\/09\/Premio-regionale-solidariet\u00e0-233-66x66.jpg 66w, https:\/\/consultadisabili.fvg.it\/wp-content\/uploads\/2025\/09\/Premio-regionale-solidariet\u00e0-233-150x150.jpg 150w\" sizes=\"(max-width: 150px) 100vw, 150px\" \/><\/a>\n\t\t\t<\/dt>\n\t\t\t\t<dd class='wp-caption-text gallery-caption' id='gallery-2-5341'>\n\t\t\t\tBumbaca Gorizia                  @Pierluigi Bumbaca fotografo\n\t\t\t\t<\/dd><\/dl><br style=\"clear: both\" \/><dl class='gallery-item'>\n\t\t\t<dt class='gallery-icon landscape'>\n\t\t\t\t<a data-rel=\"iLightbox[postimages]\" data-title=\"Premio regionale solidariet\u00e0\" data-caption=\"Bumbaca Gorizia                  @Pierluigi Bumbaca fotografo\" href='https:\/\/consultadisabili.fvg.it\/?attachment_id=5342'><img width=\"150\" height=\"150\" src=\"https:\/\/consultadisabili.fvg.it\/wp-content\/uploads\/2025\/09\/Premio-regionale-solidariet\u00e0-237-150x150.jpg\" class=\"attachment-thumbnail size-thumbnail\" alt=\"\" aria-describedby=\"gallery-2-5342\" srcset=\"https:\/\/consultadisabili.fvg.it\/wp-content\/uploads\/2025\/09\/Premio-regionale-solidariet\u00e0-237-66x66.jpg 66w, https:\/\/consultadisabili.fvg.it\/wp-content\/uploads\/2025\/09\/Premio-regionale-solidariet\u00e0-237-150x150.jpg 150w\" sizes=\"(max-width: 150px) 100vw, 150px\" \/><\/a>\n\t\t\t<\/dt>\n\t\t\t\t<dd class='wp-caption-text gallery-caption' id='gallery-2-5342'>\n\t\t\t\tBumbaca Gorizia                  @Pierluigi Bumbaca fotografo\n\t\t\t\t<\/dd><\/dl><dl class='gallery-item'>\n\t\t\t<dt class='gallery-icon landscape'>\n\t\t\t\t<a data-rel=\"iLightbox[postimages]\" data-title=\"Premio regionale solidariet\u00e0\" data-caption=\"Bumbaca Gorizia                  @Pierluigi Bumbaca fotografo\" href='https:\/\/consultadisabili.fvg.it\/?attachment_id=5350'><img width=\"150\" height=\"150\" src=\"https:\/\/consultadisabili.fvg.it\/wp-content\/uploads\/2025\/09\/Premio-regionale-solidariet\u00e0-320-150x150.jpg\" class=\"attachment-thumbnail size-thumbnail\" alt=\"\" aria-describedby=\"gallery-2-5350\" srcset=\"https:\/\/consultadisabili.fvg.it\/wp-content\/uploads\/2025\/09\/Premio-regionale-solidariet\u00e0-320-66x66.jpg 66w, https:\/\/consultadisabili.fvg.it\/wp-content\/uploads\/2025\/09\/Premio-regionale-solidariet\u00e0-320-150x150.jpg 150w\" sizes=\"(max-width: 150px) 100vw, 150px\" \/><\/a>\n\t\t\t<\/dt>\n\t\t\t\t<dd class='wp-caption-text gallery-caption' id='gallery-2-5350'>\n\t\t\t\tBumbaca Gorizia                  @Pierluigi Bumbaca fotografo\n\t\t\t\t<\/dd><\/dl><dl class='gallery-item'>\n\t\t\t<dt class='gallery-icon landscape'>\n\t\t\t\t<a data-rel=\"iLightbox[postimages]\" data-title=\"Premio regionale solidariet\u00e0\" data-caption=\"Bumbaca Gorizia                  @Pierluigi Bumbaca fotografo\" href='https:\/\/consultadisabili.fvg.it\/?attachment_id=5351'><img width=\"150\" height=\"150\" src=\"https:\/\/consultadisabili.fvg.it\/wp-content\/uploads\/2025\/09\/Premio-regionale-solidariet\u00e0-325-150x150.jpg\" class=\"attachment-thumbnail size-thumbnail\" alt=\"\" aria-describedby=\"gallery-2-5351\" srcset=\"https:\/\/consultadisabili.fvg.it\/wp-content\/uploads\/2025\/09\/Premio-regionale-solidariet\u00e0-325-66x66.jpg 66w, https:\/\/consultadisabili.fvg.it\/wp-content\/uploads\/2025\/09\/Premio-regionale-solidariet\u00e0-325-150x150.jpg 150w\" sizes=\"(max-width: 150px) 100vw, 150px\" \/><\/a>\n\t\t\t<\/dt>\n\t\t\t\t<dd class='wp-caption-text gallery-caption' id='gallery-2-5351'>\n\t\t\t\tBumbaca Gorizia                  @Pierluigi Bumbaca fotografo\n\t\t\t\t<\/dd><\/dl><br style=\"clear: both\" \/><dl class='gallery-item'>\n\t\t\t<dt class='gallery-icon landscape'>\n\t\t\t\t<a data-rel=\"iLightbox[postimages]\" data-title=\"Premio regionale solidariet\u00e0\" data-caption=\"\" href='https:\/\/consultadisabili.fvg.it\/?attachment_id=5352'><img width=\"150\" height=\"150\" src=\"https:\/\/consultadisabili.fvg.it\/wp-content\/uploads\/2025\/09\/Premio-regionale-solidariet\u00e0-328-150x150.jpg\" class=\"attachment-thumbnail size-thumbnail\" alt=\"\" srcset=\"https:\/\/consultadisabili.fvg.it\/wp-content\/uploads\/2025\/09\/Premio-regionale-solidariet\u00e0-328-66x66.jpg 66w, https:\/\/consultadisabili.fvg.it\/wp-content\/uploads\/2025\/09\/Premio-regionale-solidariet\u00e0-328-150x150.jpg 150w\" sizes=\"(max-width: 150px) 100vw, 150px\" \/><\/a>\n\t\t\t<\/dt><\/dl><dl class='gallery-item'>\n\t\t\t<dt class='gallery-icon landscape'>\n\t\t\t\t<a data-rel=\"iLightbox[postimages]\" data-title=\"Premio regionale solidariet\u00e0\" data-caption=\"Bumbaca Gorizia                  @Pierluigi Bumbaca fotografo\" href='https:\/\/consultadisabili.fvg.it\/?attachment_id=5354'><img width=\"150\" height=\"150\" src=\"https:\/\/consultadisabili.fvg.it\/wp-content\/uploads\/2025\/09\/Premio-regionale-solidariet\u00e0-337-150x150.jpg\" class=\"attachment-thumbnail size-thumbnail\" alt=\"\" aria-describedby=\"gallery-2-5354\" srcset=\"https:\/\/consultadisabili.fvg.it\/wp-content\/uploads\/2025\/09\/Premio-regionale-solidariet\u00e0-337-66x66.jpg 66w, https:\/\/consultadisabili.fvg.it\/wp-content\/uploads\/2025\/09\/Premio-regionale-solidariet\u00e0-337-150x150.jpg 150w\" sizes=\"(max-width: 150px) 100vw, 150px\" \/><\/a>\n\t\t\t<\/dt>\n\t\t\t\t<dd class='wp-caption-text gallery-caption' id='gallery-2-5354'>\n\t\t\t\tBumbaca Gorizia                  @Pierluigi Bumbaca fotografo\n\t\t\t\t<\/dd><\/dl><dl class='gallery-item'>\n\t\t\t<dt class='gallery-icon landscape'>\n\t\t\t\t<a data-rel=\"iLightbox[postimages]\" data-title=\"Premio regionale solidariet\u00e0\" data-caption=\"Bumbaca Gorizia                  @Pierluigi Bumbaca fotografo\" href='https:\/\/consultadisabili.fvg.it\/?attachment_id=5355'><img width=\"150\" height=\"150\" src=\"https:\/\/consultadisabili.fvg.it\/wp-content\/uploads\/2025\/09\/Premio-regionale-solidariet\u00e0-340-150x150.jpg\" class=\"attachment-thumbnail size-thumbnail\" alt=\"\" aria-describedby=\"gallery-2-5355\" srcset=\"https:\/\/consultadisabili.fvg.it\/wp-content\/uploads\/2025\/09\/Premio-regionale-solidariet\u00e0-340-66x66.jpg 66w, https:\/\/consultadisabili.fvg.it\/wp-content\/uploads\/2025\/09\/Premio-regionale-solidariet\u00e0-340-150x150.jpg 150w\" sizes=\"(max-width: 150px) 100vw, 150px\" \/><\/a>\n\t\t\t<\/dt>\n\t\t\t\t<dd class='wp-caption-text gallery-caption' id='gallery-2-5355'>\n\t\t\t\tBumbaca Gorizia                  @Pierluigi Bumbaca fotografo\n\t\t\t\t<\/dd><\/dl><br style=\"clear: both\" \/><dl class='gallery-item'>\n\t\t\t<dt class='gallery-icon landscape'>\n\t\t\t\t<a data-rel=\"iLightbox[postimages]\" data-title=\"Premio regionale solidariet\u00e0\" data-caption=\"Bumbaca Gorizia                  @Pierluigi Bumbaca fotografo\" href='https:\/\/consultadisabili.fvg.it\/?attachment_id=5356'><img width=\"150\" height=\"150\" src=\"https:\/\/consultadisabili.fvg.it\/wp-content\/uploads\/2025\/09\/Premio-regionale-solidariet\u00e0-347-150x150.jpg\" class=\"attachment-thumbnail size-thumbnail\" alt=\"\" aria-describedby=\"gallery-2-5356\" srcset=\"https:\/\/consultadisabili.fvg.it\/wp-content\/uploads\/2025\/09\/Premio-regionale-solidariet\u00e0-347-66x66.jpg 66w, https:\/\/consultadisabili.fvg.it\/wp-content\/uploads\/2025\/09\/Premio-regionale-solidariet\u00e0-347-150x150.jpg 150w\" sizes=\"(max-width: 150px) 100vw, 150px\" \/><\/a>\n\t\t\t<\/dt>\n\t\t\t\t<dd class='wp-caption-text gallery-caption' id='gallery-2-5356'>\n\t\t\t\tBumbaca Gorizia                  @Pierluigi Bumbaca fotografo\n\t\t\t\t<\/dd><\/dl><dl class='gallery-item'>\n\t\t\t<dt class='gallery-icon landscape'>\n\t\t\t\t<a data-rel=\"iLightbox[postimages]\" data-title=\"Premio regionale solidariet\u00e0\" data-caption=\"Bumbaca Gorizia                  @Pierluigi Bumbaca fotografo\" href='https:\/\/consultadisabili.fvg.it\/?attachment_id=5357'><img width=\"150\" height=\"150\" src=\"https:\/\/consultadisabili.fvg.it\/wp-content\/uploads\/2025\/09\/Premio-regionale-solidariet\u00e0-351-150x150.jpg\" class=\"attachment-thumbnail size-thumbnail\" alt=\"\" aria-describedby=\"gallery-2-5357\" srcset=\"https:\/\/consultadisabili.fvg.it\/wp-content\/uploads\/2025\/09\/Premio-regionale-solidariet\u00e0-351-66x66.jpg 66w, https:\/\/consultadisabili.fvg.it\/wp-content\/uploads\/2025\/09\/Premio-regionale-solidariet\u00e0-351-150x150.jpg 150w\" sizes=\"(max-width: 150px) 100vw, 150px\" \/><\/a>\n\t\t\t<\/dt>\n\t\t\t\t<dd class='wp-caption-text gallery-caption' id='gallery-2-5357'>\n\t\t\t\tBumbaca Gorizia                  @Pierluigi Bumbaca fotografo\n\t\t\t\t<\/dd><\/dl><dl class='gallery-item'>\n\t\t\t<dt class='gallery-icon landscape'>\n\t\t\t\t<a data-rel=\"iLightbox[postimages]\" data-title=\"Premio regionale solidariet\u00e0\" data-caption=\"Bumbaca Gorizia                  @Pierluigi Bumbaca fotografo\" href='https:\/\/consultadisabili.fvg.it\/?attachment_id=5358'><img width=\"150\" height=\"150\" src=\"https:\/\/consultadisabili.fvg.it\/wp-content\/uploads\/2025\/09\/Premio-regionale-solidariet\u00e0-352-150x150.jpg\" class=\"attachment-thumbnail size-thumbnail\" alt=\"\" aria-describedby=\"gallery-2-5358\" srcset=\"https:\/\/consultadisabili.fvg.it\/wp-content\/uploads\/2025\/09\/Premio-regionale-solidariet\u00e0-352-66x66.jpg 66w, https:\/\/consultadisabili.fvg.it\/wp-content\/uploads\/2025\/09\/Premio-regionale-solidariet\u00e0-352-150x150.jpg 150w\" sizes=\"(max-width: 150px) 100vw, 150px\" \/><\/a>\n\t\t\t<\/dt>\n\t\t\t\t<dd class='wp-caption-text gallery-caption' id='gallery-2-5358'>\n\t\t\t\tBumbaca Gorizia                  @Pierluigi Bumbaca fotografo\n\t\t\t\t<\/dd><\/dl><br style=\"clear: both\" \/><dl class='gallery-item'>\n\t\t\t<dt class='gallery-icon landscape'>\n\t\t\t\t<a data-rel=\"iLightbox[postimages]\" data-title=\"Premio regionale solidariet\u00e0\" data-caption=\"Bumbaca Gorizia                  @Pierluigi Bumbaca fotografo\" href='https:\/\/consultadisabili.fvg.it\/?attachment_id=5359'><img width=\"150\" height=\"150\" src=\"https:\/\/consultadisabili.fvg.it\/wp-content\/uploads\/2025\/09\/Premio-regionale-solidariet\u00e0-357-150x150.jpg\" class=\"attachment-thumbnail size-thumbnail\" alt=\"\" aria-describedby=\"gallery-2-5359\" srcset=\"https:\/\/consultadisabili.fvg.it\/wp-content\/uploads\/2025\/09\/Premio-regionale-solidariet\u00e0-357-66x66.jpg 66w, https:\/\/consultadisabili.fvg.it\/wp-content\/uploads\/2025\/09\/Premio-regionale-solidariet\u00e0-357-150x150.jpg 150w\" sizes=\"(max-width: 150px) 100vw, 150px\" \/><\/a>\n\t\t\t<\/dt>\n\t\t\t\t<dd class='wp-caption-text gallery-caption' id='gallery-2-5359'>\n\t\t\t\tBumbaca Gorizia                  @Pierluigi Bumbaca fotografo\n\t\t\t\t<\/dd><\/dl><dl class='gallery-item'>\n\t\t\t<dt class='gallery-icon landscape'>\n\t\t\t\t<a data-rel=\"iLightbox[postimages]\" data-title=\"Premio regionale solidariet\u00e0\" data-caption=\"Bumbaca Gorizia                  @Pierluigi Bumbaca fotografo\" href='https:\/\/consultadisabili.fvg.it\/?attachment_id=5360'><img width=\"150\" height=\"150\" src=\"https:\/\/consultadisabili.fvg.it\/wp-content\/uploads\/2025\/09\/Premio-regionale-solidariet\u00e0-365-150x150.jpg\" class=\"attachment-thumbnail size-thumbnail\" alt=\"\" aria-describedby=\"gallery-2-5360\" srcset=\"https:\/\/consultadisabili.fvg.it\/wp-content\/uploads\/2025\/09\/Premio-regionale-solidariet\u00e0-365-66x66.jpg 66w, https:\/\/consultadisabili.fvg.it\/wp-content\/uploads\/2025\/09\/Premio-regionale-solidariet\u00e0-365-150x150.jpg 150w\" sizes=\"(max-width: 150px) 100vw, 150px\" \/><\/a>\n\t\t\t<\/dt>\n\t\t\t\t<dd class='wp-caption-text gallery-caption' id='gallery-2-5360'>\n\t\t\t\tBumbaca Gorizia                  @Pierluigi Bumbaca fotografo\n\t\t\t\t<\/dd><\/dl><dl class='gallery-item'>\n\t\t\t<dt class='gallery-icon landscape'>\n\t\t\t\t<a data-rel=\"iLightbox[postimages]\" data-title=\"Premio regionale solidariet\u00e0\" data-caption=\"Bumbaca Gorizia                  @Pierluigi Bumbaca fotografo\" href='https:\/\/consultadisabili.fvg.it\/?attachment_id=5361'><img width=\"150\" height=\"150\" src=\"https:\/\/consultadisabili.fvg.it\/wp-content\/uploads\/2025\/09\/Premio-regionale-solidariet\u00e0-368-150x150.jpg\" class=\"attachment-thumbnail size-thumbnail\" alt=\"\" aria-describedby=\"gallery-2-5361\" srcset=\"https:\/\/consultadisabili.fvg.it\/wp-content\/uploads\/2025\/09\/Premio-regionale-solidariet\u00e0-368-66x66.jpg 66w, https:\/\/consultadisabili.fvg.it\/wp-content\/uploads\/2025\/09\/Premio-regionale-solidariet\u00e0-368-150x150.jpg 150w\" sizes=\"(max-width: 150px) 100vw, 150px\" \/><\/a>\n\t\t\t<\/dt>\n\t\t\t\t<dd class='wp-caption-text gallery-caption' id='gallery-2-5361'>\n\t\t\t\tBumbaca Gorizia                  @Pierluigi Bumbaca fotografo\n\t\t\t\t<\/dd><\/dl><br style=\"clear: both\" \/><dl class='gallery-item'>\n\t\t\t<dt class='gallery-icon landscape'>\n\t\t\t\t<a data-rel=\"iLightbox[postimages]\" data-title=\"Premio regionale solidariet\u00e0\" data-caption=\"Bumbaca Gorizia                  @Pierluigi Bumbaca fotografo\" href='https:\/\/consultadisabili.fvg.it\/?attachment_id=5362'><img width=\"150\" height=\"150\" src=\"https:\/\/consultadisabili.fvg.it\/wp-content\/uploads\/2025\/09\/Premio-regionale-solidariet\u00e0-370-150x150.jpg\" class=\"attachment-thumbnail size-thumbnail\" alt=\"\" aria-describedby=\"gallery-2-5362\" srcset=\"https:\/\/consultadisabili.fvg.it\/wp-content\/uploads\/2025\/09\/Premio-regionale-solidariet\u00e0-370-66x66.jpg 66w, https:\/\/consultadisabili.fvg.it\/wp-content\/uploads\/2025\/09\/Premio-regionale-solidariet\u00e0-370-150x150.jpg 150w\" sizes=\"(max-width: 150px) 100vw, 150px\" \/><\/a>\n\t\t\t<\/dt>\n\t\t\t\t<dd class='wp-caption-text gallery-caption' id='gallery-2-5362'>\n\t\t\t\tBumbaca Gorizia                  @Pierluigi Bumbaca fotografo\n\t\t\t\t<\/dd><\/dl><dl class='gallery-item'>\n\t\t\t<dt class='gallery-icon landscape'>\n\t\t\t\t<a data-rel=\"iLightbox[postimages]\" data-title=\"Premio regionale solidariet\u00e0\" data-caption=\"Bumbaca Gorizia                  @Pierluigi Bumbaca fotografo\" href='https:\/\/consultadisabili.fvg.it\/?attachment_id=5363'><img width=\"150\" height=\"150\" src=\"https:\/\/consultadisabili.fvg.it\/wp-content\/uploads\/2025\/09\/Premio-regionale-solidariet\u00e0-373-150x150.jpg\" class=\"attachment-thumbnail size-thumbnail\" alt=\"\" aria-describedby=\"gallery-2-5363\" srcset=\"https:\/\/consultadisabili.fvg.it\/wp-content\/uploads\/2025\/09\/Premio-regionale-solidariet\u00e0-373-66x66.jpg 66w, https:\/\/consultadisabili.fvg.it\/wp-content\/uploads\/2025\/09\/Premio-regionale-solidariet\u00e0-373-150x150.jpg 150w\" sizes=\"(max-width: 150px) 100vw, 150px\" \/><\/a>\n\t\t\t<\/dt>\n\t\t\t\t<dd class='wp-caption-text gallery-caption' id='gallery-2-5363'>\n\t\t\t\tBumbaca Gorizia                  @Pierluigi Bumbaca fotografo\n\t\t\t\t<\/dd><\/dl><dl class='gallery-item'>\n\t\t\t<dt class='gallery-icon landscape'>\n\t\t\t\t<a data-rel=\"iLightbox[postimages]\" data-title=\"Premio regionale solidariet\u00e0\" data-caption=\"Bumbaca Gorizia                  @Pierluigi Bumbaca fotografo\" href='https:\/\/consultadisabili.fvg.it\/?attachment_id=5364'><img width=\"150\" height=\"150\" src=\"https:\/\/consultadisabili.fvg.it\/wp-content\/uploads\/2025\/09\/Premio-regionale-solidariet\u00e0-375-150x150.jpg\" class=\"attachment-thumbnail size-thumbnail\" alt=\"\" aria-describedby=\"gallery-2-5364\" srcset=\"https:\/\/consultadisabili.fvg.it\/wp-content\/uploads\/2025\/09\/Premio-regionale-solidariet\u00e0-375-66x66.jpg 66w, https:\/\/consultadisabili.fvg.it\/wp-content\/uploads\/2025\/09\/Premio-regionale-solidariet\u00e0-375-150x150.jpg 150w\" sizes=\"(max-width: 150px) 100vw, 150px\" \/><\/a>\n\t\t\t<\/dt>\n\t\t\t\t<dd class='wp-caption-text gallery-caption' id='gallery-2-5364'>\n\t\t\t\tBumbaca Gorizia                  @Pierluigi Bumbaca fotografo\n\t\t\t\t<\/dd><\/dl><br style=\"clear: both\" \/><dl class='gallery-item'>\n\t\t\t<dt class='gallery-icon landscape'>\n\t\t\t\t<a data-rel=\"iLightbox[postimages]\" data-title=\"Premio regionale solidariet\u00e0\" data-caption=\"Bumbaca Gorizia                  @Pierluigi Bumbaca fotografo\" href='https:\/\/consultadisabili.fvg.it\/?attachment_id=5365'><img width=\"150\" height=\"150\" src=\"https:\/\/consultadisabili.fvg.it\/wp-content\/uploads\/2025\/09\/Premio-regionale-solidariet\u00e0-380-150x150.jpg\" class=\"attachment-thumbnail size-thumbnail\" alt=\"\" aria-describedby=\"gallery-2-5365\" srcset=\"https:\/\/consultadisabili.fvg.it\/wp-content\/uploads\/2025\/09\/Premio-regionale-solidariet\u00e0-380-66x66.jpg 66w, https:\/\/consultadisabili.fvg.it\/wp-content\/uploads\/2025\/09\/Premio-regionale-solidariet\u00e0-380-150x150.jpg 150w\" sizes=\"(max-width: 150px) 100vw, 150px\" \/><\/a>\n\t\t\t<\/dt>\n\t\t\t\t<dd class='wp-caption-text gallery-caption' id='gallery-2-5365'>\n\t\t\t\tBumbaca Gorizia                  @Pierluigi Bumbaca fotografo\n\t\t\t\t<\/dd><\/dl><dl class='gallery-item'>\n\t\t\t<dt class='gallery-icon landscape'>\n\t\t\t\t<a data-rel=\"iLightbox[postimages]\" data-title=\"Premio regionale solidariet\u00e0\" data-caption=\"Bumbaca Gorizia                  @Pierluigi Bumbaca fotografo\" href='https:\/\/consultadisabili.fvg.it\/?attachment_id=5380'><img width=\"150\" height=\"150\" src=\"https:\/\/consultadisabili.fvg.it\/wp-content\/uploads\/2025\/09\/Premio-regionale-solidariet\u00e0-434-150x150.jpg\" class=\"attachment-thumbnail size-thumbnail\" alt=\"\" aria-describedby=\"gallery-2-5380\" srcset=\"https:\/\/consultadisabili.fvg.it\/wp-content\/uploads\/2025\/09\/Premio-regionale-solidariet\u00e0-434-66x66.jpg 66w, https:\/\/consultadisabili.fvg.it\/wp-content\/uploads\/2025\/09\/Premio-regionale-solidariet\u00e0-434-150x150.jpg 150w\" sizes=\"(max-width: 150px) 100vw, 150px\" \/><\/a>\n\t\t\t<\/dt>\n\t\t\t\t<dd class='wp-caption-text gallery-caption' id='gallery-2-5380'>\n\t\t\t\tBumbaca Gorizia                  @Pierluigi Bumbaca fotografo\n\t\t\t\t<\/dd><\/dl><dl class='gallery-item'>\n\t\t\t<dt class='gallery-icon landscape'>\n\t\t\t\t<a data-rel=\"iLightbox[postimages]\" data-title=\"Premio regionale solidariet\u00e0\" data-caption=\"Bumbaca Gorizia                  @Pierluigi Bumbaca fotografo\" href='https:\/\/consultadisabili.fvg.it\/?attachment_id=5382'><img width=\"150\" height=\"150\" src=\"https:\/\/consultadisabili.fvg.it\/wp-content\/uploads\/2025\/09\/Premio-regionale-solidariet\u00e0-441-150x150.jpg\" class=\"attachment-thumbnail size-thumbnail\" alt=\"\" aria-describedby=\"gallery-2-5382\" srcset=\"https:\/\/consultadisabili.fvg.it\/wp-content\/uploads\/2025\/09\/Premio-regionale-solidariet\u00e0-441-66x66.jpg 66w, https:\/\/consultadisabili.fvg.it\/wp-content\/uploads\/2025\/09\/Premio-regionale-solidariet\u00e0-441-150x150.jpg 150w\" sizes=\"(max-width: 150px) 100vw, 150px\" \/><\/a>\n\t\t\t<\/dt>\n\t\t\t\t<dd class='wp-caption-text gallery-caption' id='gallery-2-5382'>\n\t\t\t\tBumbaca Gorizia                  @Pierluigi Bumbaca fotografo\n\t\t\t\t<\/dd><\/dl><br style=\"clear: both\" \/><dl class='gallery-item'>\n\t\t\t<dt class='gallery-icon landscape'>\n\t\t\t\t<a data-rel=\"iLightbox[postimages]\" data-title=\"Premio regionale solidariet\u00e0\" data-caption=\"Bumbaca Gorizia                  @Pierluigi Bumbaca fotografo\" href='https:\/\/consultadisabili.fvg.it\/?attachment_id=5383'><img width=\"150\" height=\"150\" src=\"https:\/\/consultadisabili.fvg.it\/wp-content\/uploads\/2025\/09\/Premio-regionale-solidariet\u00e0-446-150x150.jpg\" class=\"attachment-thumbnail size-thumbnail\" alt=\"\" aria-describedby=\"gallery-2-5383\" srcset=\"https:\/\/consultadisabili.fvg.it\/wp-content\/uploads\/2025\/09\/Premio-regionale-solidariet\u00e0-446-66x66.jpg 66w, https:\/\/consultadisabili.fvg.it\/wp-content\/uploads\/2025\/09\/Premio-regionale-solidariet\u00e0-446-150x150.jpg 150w\" sizes=\"(max-width: 150px) 100vw, 150px\" \/><\/a>\n\t\t\t<\/dt>\n\t\t\t\t<dd class='wp-caption-text gallery-caption' id='gallery-2-5383'>\n\t\t\t\tBumbaca Gorizia                  @Pierluigi Bumbaca fotografo\n\t\t\t\t<\/dd><\/dl><dl class='gallery-item'>\n\t\t\t<dt class='gallery-icon landscape'>\n\t\t\t\t<a data-rel=\"iLightbox[postimages]\" data-title=\"Premio regionale solidariet\u00e0\" data-caption=\"Bumbaca Gorizia                  @Pierluigi Bumbaca fotografo\" href='https:\/\/consultadisabili.fvg.it\/?attachment_id=5388'><img width=\"150\" height=\"150\" src=\"https:\/\/consultadisabili.fvg.it\/wp-content\/uploads\/2025\/09\/Premio-regionale-solidariet\u00e0-468-150x150.jpg\" class=\"attachment-thumbnail size-thumbnail\" alt=\"\" aria-describedby=\"gallery-2-5388\" srcset=\"https:\/\/consultadisabili.fvg.it\/wp-content\/uploads\/2025\/09\/Premio-regionale-solidariet\u00e0-468-66x66.jpg 66w, https:\/\/consultadisabili.fvg.it\/wp-content\/uploads\/2025\/09\/Premio-regionale-solidariet\u00e0-468-150x150.jpg 150w\" sizes=\"(max-width: 150px) 100vw, 150px\" \/><\/a>\n\t\t\t<\/dt>\n\t\t\t\t<dd class='wp-caption-text gallery-caption' id='gallery-2-5388'>\n\t\t\t\tBumbaca Gorizia                  @Pierluigi Bumbaca fotografo\n\t\t\t\t<\/dd><\/dl><dl class='gallery-item'>\n\t\t\t<dt class='gallery-icon landscape'>\n\t\t\t\t<a data-rel=\"iLightbox[postimages]\" data-title=\"Premio regionale solidariet\u00e0\" data-caption=\"Bumbaca Gorizia                  @Pierluigi Bumbaca fotografo\" href='https:\/\/consultadisabili.fvg.it\/?attachment_id=5403'><img width=\"150\" height=\"150\" src=\"https:\/\/consultadisabili.fvg.it\/wp-content\/uploads\/2025\/09\/Premio-regionale-solidariet\u00e0-523-150x150.jpg\" class=\"attachment-thumbnail size-thumbnail\" alt=\"\" aria-describedby=\"gallery-2-5403\" srcset=\"https:\/\/consultadisabili.fvg.it\/wp-content\/uploads\/2025\/09\/Premio-regionale-solidariet\u00e0-523-66x66.jpg 66w, https:\/\/consultadisabili.fvg.it\/wp-content\/uploads\/2025\/09\/Premio-regionale-solidariet\u00e0-523-150x150.jpg 150w\" sizes=\"(max-width: 150px) 100vw, 150px\" \/><\/a>\n\t\t\t<\/dt>\n\t\t\t\t<dd class='wp-caption-text gallery-caption' id='gallery-2-5403'>\n\t\t\t\tBumbaca Gorizia                  @Pierluigi Bumbaca fotografo\n\t\t\t\t<\/dd><\/dl><br style=\"clear: both\" \/><dl class='gallery-item'>\n\t\t\t<dt class='gallery-icon landscape'>\n\t\t\t\t<a data-rel=\"iLightbox[postimages]\" data-title=\"Premio regionale solidariet\u00e0\" data-caption=\"Bumbaca Gorizia                  @Pierluigi Bumbaca fotografo\" href='https:\/\/consultadisabili.fvg.it\/?attachment_id=5404'><img width=\"150\" height=\"150\" src=\"https:\/\/consultadisabili.fvg.it\/wp-content\/uploads\/2025\/09\/Premio-regionale-solidariet\u00e0-527-150x150.jpg\" class=\"attachment-thumbnail size-thumbnail\" alt=\"\" aria-describedby=\"gallery-2-5404\" srcset=\"https:\/\/consultadisabili.fvg.it\/wp-content\/uploads\/2025\/09\/Premio-regionale-solidariet\u00e0-527-66x66.jpg 66w, https:\/\/consultadisabili.fvg.it\/wp-content\/uploads\/2025\/09\/Premio-regionale-solidariet\u00e0-527-150x150.jpg 150w\" sizes=\"(max-width: 150px) 100vw, 150px\" \/><\/a>\n\t\t\t<\/dt>\n\t\t\t\t<dd class='wp-caption-text gallery-caption' id='gallery-2-5404'>\n\t\t\t\tBumbaca Gorizia                  @Pierluigi Bumbaca fotografo\n\t\t\t\t<\/dd><\/dl><dl class='gallery-item'>\n\t\t\t<dt class='gallery-icon landscape'>\n\t\t\t\t<a data-rel=\"iLightbox[postimages]\" data-title=\"Premio regionale solidariet\u00e0\" data-caption=\"Bumbaca Gorizia                  @Pierluigi Bumbaca fotografo\" href='https:\/\/consultadisabili.fvg.it\/?attachment_id=5405'><img width=\"150\" height=\"150\" src=\"https:\/\/consultadisabili.fvg.it\/wp-content\/uploads\/2025\/09\/Premio-regionale-solidariet\u00e0-532-150x150.jpg\" class=\"attachment-thumbnail size-thumbnail\" alt=\"\" aria-describedby=\"gallery-2-5405\" srcset=\"https:\/\/consultadisabili.fvg.it\/wp-content\/uploads\/2025\/09\/Premio-regionale-solidariet\u00e0-532-66x66.jpg 66w, https:\/\/consultadisabili.fvg.it\/wp-content\/uploads\/2025\/09\/Premio-regionale-solidariet\u00e0-532-150x150.jpg 150w\" sizes=\"(max-width: 150px) 100vw, 150px\" \/><\/a>\n\t\t\t<\/dt>\n\t\t\t\t<dd class='wp-caption-text gallery-caption' id='gallery-2-5405'>\n\t\t\t\tBumbaca Gorizia                  @Pierluigi Bumbaca fotografo\n\t\t\t\t<\/dd><\/dl><dl class='gallery-item'>\n\t\t\t<dt class='gallery-icon landscape'>\n\t\t\t\t<a data-rel=\"iLightbox[postimages]\" data-title=\"Premio regionale solidariet\u00e0\" data-caption=\"Bumbaca Gorizia                  @Pierluigi Bumbaca fotografo\" href='https:\/\/consultadisabili.fvg.it\/?attachment_id=5406'><img width=\"150\" height=\"150\" src=\"https:\/\/consultadisabili.fvg.it\/wp-content\/uploads\/2025\/09\/Premio-regionale-solidariet\u00e0-540-150x150.jpg\" class=\"attachment-thumbnail size-thumbnail\" alt=\"\" aria-describedby=\"gallery-2-5406\" srcset=\"https:\/\/consultadisabili.fvg.it\/wp-content\/uploads\/2025\/09\/Premio-regionale-solidariet\u00e0-540-66x66.jpg 66w, https:\/\/consultadisabili.fvg.it\/wp-content\/uploads\/2025\/09\/Premio-regionale-solidariet\u00e0-540-150x150.jpg 150w\" sizes=\"(max-width: 150px) 100vw, 150px\" \/><\/a>\n\t\t\t<\/dt>\n\t\t\t\t<dd class='wp-caption-text gallery-caption' id='gallery-2-5406'>\n\t\t\t\tBumbaca Gorizia                  @Pierluigi Bumbaca fotografo\n\t\t\t\t<\/dd><\/dl><br style=\"clear: both\" \/><dl class='gallery-item'>\n\t\t\t<dt class='gallery-icon landscape'>\n\t\t\t\t<a data-rel=\"iLightbox[postimages]\" data-title=\"Premio regionale solidariet\u00e0\" data-caption=\"Bumbaca Gorizia                  @Pierluigi Bumbaca fotografo\" href='https:\/\/consultadisabili.fvg.it\/?attachment_id=5407'><img width=\"150\" height=\"150\" src=\"https:\/\/consultadisabili.fvg.it\/wp-content\/uploads\/2025\/09\/Premio-regionale-solidariet\u00e0-545-150x150.jpg\" class=\"attachment-thumbnail size-thumbnail\" alt=\"\" aria-describedby=\"gallery-2-5407\" srcset=\"https:\/\/consultadisabili.fvg.it\/wp-content\/uploads\/2025\/09\/Premio-regionale-solidariet\u00e0-545-66x66.jpg 66w, https:\/\/consultadisabili.fvg.it\/wp-content\/uploads\/2025\/09\/Premio-regionale-solidariet\u00e0-545-150x150.jpg 150w\" sizes=\"(max-width: 150px) 100vw, 150px\" \/><\/a>\n\t\t\t<\/dt>\n\t\t\t\t<dd class='wp-caption-text gallery-caption' id='gallery-2-5407'>\n\t\t\t\tBumbaca Gorizia                  @Pierluigi Bumbaca fotografo\n\t\t\t\t<\/dd><\/dl><dl class='gallery-item'>\n\t\t\t<dt class='gallery-icon landscape'>\n\t\t\t\t<a data-rel=\"iLightbox[postimages]\" data-title=\"Premio regionale solidariet\u00e0\" data-caption=\"Bumbaca Gorizia                  @Pierluigi Bumbaca fotografo\" href='https:\/\/consultadisabili.fvg.it\/?attachment_id=5408'><img width=\"150\" height=\"150\" src=\"https:\/\/consultadisabili.fvg.it\/wp-content\/uploads\/2025\/09\/Premio-regionale-solidariet\u00e0-549-150x150.jpg\" class=\"attachment-thumbnail size-thumbnail\" alt=\"\" aria-describedby=\"gallery-2-5408\" srcset=\"https:\/\/consultadisabili.fvg.it\/wp-content\/uploads\/2025\/09\/Premio-regionale-solidariet\u00e0-549-66x66.jpg 66w, https:\/\/consultadisabili.fvg.it\/wp-content\/uploads\/2025\/09\/Premio-regionale-solidariet\u00e0-549-150x150.jpg 150w\" sizes=\"(max-width: 150px) 100vw, 150px\" \/><\/a>\n\t\t\t<\/dt>\n\t\t\t\t<dd class='wp-caption-text gallery-caption' id='gallery-2-5408'>\n\t\t\t\tBumbaca Gorizia                  @Pierluigi Bumbaca fotografo\n\t\t\t\t<\/dd><\/dl><dl class='gallery-item'>\n\t\t\t<dt class='gallery-icon landscape'>\n\t\t\t\t<a data-rel=\"iLightbox[postimages]\" data-title=\"Premio regionale solidariet\u00e0\" data-caption=\"Bumbaca Gorizia                  @Pierluigi Bumbaca fotografo\" href='https:\/\/consultadisabili.fvg.it\/?attachment_id=5409'><img width=\"150\" height=\"150\" src=\"https:\/\/consultadisabili.fvg.it\/wp-content\/uploads\/2025\/09\/Premio-regionale-solidariet\u00e0-555-150x150.jpg\" class=\"attachment-thumbnail size-thumbnail\" alt=\"\" aria-describedby=\"gallery-2-5409\" srcset=\"https:\/\/consultadisabili.fvg.it\/wp-content\/uploads\/2025\/09\/Premio-regionale-solidariet\u00e0-555-66x66.jpg 66w, https:\/\/consultadisabili.fvg.it\/wp-content\/uploads\/2025\/09\/Premio-regionale-solidariet\u00e0-555-150x150.jpg 150w\" sizes=\"(max-width: 150px) 100vw, 150px\" \/><\/a>\n\t\t\t<\/dt>\n\t\t\t\t<dd class='wp-caption-text gallery-caption' id='gallery-2-5409'>\n\t\t\t\tBumbaca Gorizia                  @Pierluigi Bumbaca fotografo\n\t\t\t\t<\/dd><\/dl><br style=\"clear: both\" \/><dl class='gallery-item'>\n\t\t\t<dt class='gallery-icon landscape'>\n\t\t\t\t<a data-rel=\"iLightbox[postimages]\" data-title=\"Premio regionale solidariet\u00e0\" data-caption=\"Bumbaca Gorizia                  @Pierluigi Bumbaca fotografo\" href='https:\/\/consultadisabili.fvg.it\/?attachment_id=5410'><img width=\"150\" height=\"150\" src=\"https:\/\/consultadisabili.fvg.it\/wp-content\/uploads\/2025\/09\/Premio-regionale-solidariet\u00e0-558-150x150.jpg\" class=\"attachment-thumbnail size-thumbnail\" alt=\"\" aria-describedby=\"gallery-2-5410\" srcset=\"https:\/\/consultadisabili.fvg.it\/wp-content\/uploads\/2025\/09\/Premio-regionale-solidariet\u00e0-558-66x66.jpg 66w, https:\/\/consultadisabili.fvg.it\/wp-content\/uploads\/2025\/09\/Premio-regionale-solidariet\u00e0-558-150x150.jpg 150w\" sizes=\"(max-width: 150px) 100vw, 150px\" \/><\/a>\n\t\t\t<\/dt>\n\t\t\t\t<dd class='wp-caption-text gallery-caption' id='gallery-2-5410'>\n\t\t\t\tBumbaca Gorizia                  @Pierluigi Bumbaca fotografo\n\t\t\t\t<\/dd><\/dl><dl class='gallery-item'>\n\t\t\t<dt class='gallery-icon landscape'>\n\t\t\t\t<a data-rel=\"iLightbox[postimages]\" data-title=\"Premio regionale solidariet\u00e0\" data-caption=\"Bumbaca Gorizia                  @Pierluigi Bumbaca fotografo\" href='https:\/\/consultadisabili.fvg.it\/?attachment_id=5411'><img width=\"150\" height=\"150\" src=\"https:\/\/consultadisabili.fvg.it\/wp-content\/uploads\/2025\/09\/Premio-regionale-solidariet\u00e0-561-150x150.jpg\" class=\"attachment-thumbnail size-thumbnail\" alt=\"\" aria-describedby=\"gallery-2-5411\" srcset=\"https:\/\/consultadisabili.fvg.it\/wp-content\/uploads\/2025\/09\/Premio-regionale-solidariet\u00e0-561-66x66.jpg 66w, https:\/\/consultadisabili.fvg.it\/wp-content\/uploads\/2025\/09\/Premio-regionale-solidariet\u00e0-561-150x150.jpg 150w\" sizes=\"(max-width: 150px) 100vw, 150px\" \/><\/a>\n\t\t\t<\/dt>\n\t\t\t\t<dd class='wp-caption-text gallery-caption' id='gallery-2-5411'>\n\t\t\t\tBumbaca Gorizia                  @Pierluigi Bumbaca fotografo\n\t\t\t\t<\/dd><\/dl><dl class='gallery-item'>\n\t\t\t<dt class='gallery-icon landscape'>\n\t\t\t\t<a data-rel=\"iLightbox[postimages]\" data-title=\"Premio regionale solidariet\u00e0\" data-caption=\"Bumbaca Gorizia                  @Pierluigi Bumbaca fotografo\" href='https:\/\/consultadisabili.fvg.it\/?attachment_id=5412'><img width=\"150\" height=\"150\" src=\"https:\/\/consultadisabili.fvg.it\/wp-content\/uploads\/2025\/09\/Premio-regionale-solidariet\u00e0-565-150x150.jpg\" class=\"attachment-thumbnail size-thumbnail\" alt=\"\" aria-describedby=\"gallery-2-5412\" srcset=\"https:\/\/consultadisabili.fvg.it\/wp-content\/uploads\/2025\/09\/Premio-regionale-solidariet\u00e0-565-66x66.jpg 66w, https:\/\/consultadisabili.fvg.it\/wp-content\/uploads\/2025\/09\/Premio-regionale-solidariet\u00e0-565-150x150.jpg 150w\" sizes=\"(max-width: 150px) 100vw, 150px\" \/><\/a>\n\t\t\t<\/dt>\n\t\t\t\t<dd class='wp-caption-text gallery-caption' id='gallery-2-5412'>\n\t\t\t\tBumbaca Gorizia                  @Pierluigi Bumbaca fotografo\n\t\t\t\t<\/dd><\/dl><br style=\"clear: both\" \/><dl class='gallery-item'>\n\t\t\t<dt class='gallery-icon landscape'>\n\t\t\t\t<a data-rel=\"iLightbox[postimages]\" data-title=\"Premio regionale solidariet\u00e0\" data-caption=\"Bumbaca Gorizia                  @Pierluigi Bumbaca fotografo\" href='https:\/\/consultadisabili.fvg.it\/?attachment_id=5413'><img width=\"150\" height=\"150\" src=\"https:\/\/consultadisabili.fvg.it\/wp-content\/uploads\/2025\/09\/Premio-regionale-solidariet\u00e0-569-150x150.jpg\" class=\"attachment-thumbnail size-thumbnail\" alt=\"\" aria-describedby=\"gallery-2-5413\" srcset=\"https:\/\/consultadisabili.fvg.it\/wp-content\/uploads\/2025\/09\/Premio-regionale-solidariet\u00e0-569-66x66.jpg 66w, https:\/\/consultadisabili.fvg.it\/wp-content\/uploads\/2025\/09\/Premio-regionale-solidariet\u00e0-569-150x150.jpg 150w\" sizes=\"(max-width: 150px) 100vw, 150px\" \/><\/a>\n\t\t\t<\/dt>\n\t\t\t\t<dd class='wp-caption-text gallery-caption' id='gallery-2-5413'>\n\t\t\t\tBumbaca Gorizia                  @Pierluigi Bumbaca fotografo\n\t\t\t\t<\/dd><\/dl><dl class='gallery-item'>\n\t\t\t<dt class='gallery-icon landscape'>\n\t\t\t\t<a data-rel=\"iLightbox[postimages]\" data-title=\"Premio regionale solidariet\u00e0\" data-caption=\"Bumbaca Gorizia                  @Pierluigi Bumbaca fotografo\" href='https:\/\/consultadisabili.fvg.it\/?attachment_id=5414'><img width=\"150\" height=\"150\" src=\"https:\/\/consultadisabili.fvg.it\/wp-content\/uploads\/2025\/09\/Premio-regionale-solidariet\u00e0-573-150x150.jpg\" class=\"attachment-thumbnail size-thumbnail\" alt=\"\" aria-describedby=\"gallery-2-5414\" srcset=\"https:\/\/consultadisabili.fvg.it\/wp-content\/uploads\/2025\/09\/Premio-regionale-solidariet\u00e0-573-66x66.jpg 66w, https:\/\/consultadisabili.fvg.it\/wp-content\/uploads\/2025\/09\/Premio-regionale-solidariet\u00e0-573-150x150.jpg 150w\" sizes=\"(max-width: 150px) 100vw, 150px\" \/><\/a>\n\t\t\t<\/dt>\n\t\t\t\t<dd class='wp-caption-text gallery-caption' id='gallery-2-5414'>\n\t\t\t\tBumbaca Gorizia                  @Pierluigi Bumbaca fotografo\n\t\t\t\t<\/dd><\/dl><dl class='gallery-item'>\n\t\t\t<dt class='gallery-icon landscape'>\n\t\t\t\t<a data-rel=\"iLightbox[postimages]\" data-title=\"Premio regionale solidariet\u00e0\" data-caption=\"Bumbaca Gorizia                  @Pierluigi Bumbaca fotografo\" href='https:\/\/consultadisabili.fvg.it\/?attachment_id=5415'><img width=\"150\" height=\"150\" src=\"https:\/\/consultadisabili.fvg.it\/wp-content\/uploads\/2025\/09\/Premio-regionale-solidariet\u00e0-575-150x150.jpg\" class=\"attachment-thumbnail size-thumbnail\" alt=\"\" aria-describedby=\"gallery-2-5415\" srcset=\"https:\/\/consultadisabili.fvg.it\/wp-content\/uploads\/2025\/09\/Premio-regionale-solidariet\u00e0-575-66x66.jpg 66w, https:\/\/consultadisabili.fvg.it\/wp-content\/uploads\/2025\/09\/Premio-regionale-solidariet\u00e0-575-150x150.jpg 150w\" sizes=\"(max-width: 150px) 100vw, 150px\" \/><\/a>\n\t\t\t<\/dt>\n\t\t\t\t<dd class='wp-caption-text gallery-caption' id='gallery-2-5415'>\n\t\t\t\tBumbaca Gorizia                  @Pierluigi Bumbaca fotografo\n\t\t\t\t<\/dd><\/dl><br style=\"clear: both\" \/><dl class='gallery-item'>\n\t\t\t<dt class='gallery-icon landscape'>\n\t\t\t\t<a data-rel=\"iLightbox[postimages]\" data-title=\"Premio regionale solidariet\u00e0\" data-caption=\"Bumbaca Gorizia                  @Pierluigi Bumbaca fotografo\" href='https:\/\/consultadisabili.fvg.it\/?attachment_id=5416'><img width=\"150\" height=\"150\" src=\"https:\/\/consultadisabili.fvg.it\/wp-content\/uploads\/2025\/09\/Premio-regionale-solidariet\u00e0-588-150x150.jpg\" class=\"attachment-thumbnail size-thumbnail\" alt=\"\" aria-describedby=\"gallery-2-5416\" srcset=\"https:\/\/consultadisabili.fvg.it\/wp-content\/uploads\/2025\/09\/Premio-regionale-solidariet\u00e0-588-66x66.jpg 66w, https:\/\/consultadisabili.fvg.it\/wp-content\/uploads\/2025\/09\/Premio-regionale-solidariet\u00e0-588-150x150.jpg 150w\" sizes=\"(max-width: 150px) 100vw, 150px\" \/><\/a>\n\t\t\t<\/dt>\n\t\t\t\t<dd class='wp-caption-text gallery-caption' id='gallery-2-5416'>\n\t\t\t\tBumbaca Gorizia                  @Pierluigi Bumbaca fotografo\n\t\t\t\t<\/dd><\/dl><dl class='gallery-item'>\n\t\t\t<dt class='gallery-icon landscape'>\n\t\t\t\t<a data-rel=\"iLightbox[postimages]\" data-title=\"Premio regionale solidariet\u00e0\" data-caption=\"Bumbaca Gorizia                  @Pierluigi Bumbaca fotografo\" href='https:\/\/consultadisabili.fvg.it\/?attachment_id=5417'><img width=\"150\" height=\"150\" src=\"https:\/\/consultadisabili.fvg.it\/wp-content\/uploads\/2025\/09\/Premio-regionale-solidariet\u00e0-592-150x150.jpg\" class=\"attachment-thumbnail size-thumbnail\" alt=\"\" aria-describedby=\"gallery-2-5417\" srcset=\"https:\/\/consultadisabili.fvg.it\/wp-content\/uploads\/2025\/09\/Premio-regionale-solidariet\u00e0-592-66x66.jpg 66w, https:\/\/consultadisabili.fvg.it\/wp-content\/uploads\/2025\/09\/Premio-regionale-solidariet\u00e0-592-150x150.jpg 150w\" sizes=\"(max-width: 150px) 100vw, 150px\" \/><\/a>\n\t\t\t<\/dt>\n\t\t\t\t<dd class='wp-caption-text gallery-caption' id='gallery-2-5417'>\n\t\t\t\tBumbaca Gorizia                  @Pierluigi Bumbaca fotografo\n\t\t\t\t<\/dd><\/dl><dl class='gallery-item'>\n\t\t\t<dt class='gallery-icon landscape'>\n\t\t\t\t<a data-rel=\"iLightbox[postimages]\" data-title=\"Premio regionale solidariet\u00e0\" data-caption=\"Bumbaca Gorizia                  @Pierluigi Bumbaca fotografo\" href='https:\/\/consultadisabili.fvg.it\/?attachment_id=5418'><img width=\"150\" height=\"150\" src=\"https:\/\/consultadisabili.fvg.it\/wp-content\/uploads\/2025\/09\/Premio-regionale-solidariet\u00e0-596-150x150.jpg\" class=\"attachment-thumbnail size-thumbnail\" alt=\"\" aria-describedby=\"gallery-2-5418\" srcset=\"https:\/\/consultadisabili.fvg.it\/wp-content\/uploads\/2025\/09\/Premio-regionale-solidariet\u00e0-596-66x66.jpg 66w, https:\/\/consultadisabili.fvg.it\/wp-content\/uploads\/2025\/09\/Premio-regionale-solidariet\u00e0-596-150x150.jpg 150w\" sizes=\"(max-width: 150px) 100vw, 150px\" \/><\/a>\n\t\t\t<\/dt>\n\t\t\t\t<dd class='wp-caption-text gallery-caption' id='gallery-2-5418'>\n\t\t\t\tBumbaca Gorizia                  @Pierluigi Bumbaca fotografo\n\t\t\t\t<\/dd><\/dl><br style=\"clear: both\" \/><dl class='gallery-item'>\n\t\t\t<dt class='gallery-icon landscape'>\n\t\t\t\t<a data-rel=\"iLightbox[postimages]\" data-title=\"Premio regionale solidariet\u00e0\" data-caption=\"Bumbaca Gorizia                  @Pierluigi Bumbaca fotografo\" href='https:\/\/consultadisabili.fvg.it\/?attachment_id=5419'><img width=\"150\" height=\"150\" src=\"https:\/\/consultadisabili.fvg.it\/wp-content\/uploads\/2025\/09\/Premio-regionale-solidariet\u00e0-598-150x150.jpg\" class=\"attachment-thumbnail size-thumbnail\" alt=\"\" aria-describedby=\"gallery-2-5419\" srcset=\"https:\/\/consultadisabili.fvg.it\/wp-content\/uploads\/2025\/09\/Premio-regionale-solidariet\u00e0-598-66x66.jpg 66w, https:\/\/consultadisabili.fvg.it\/wp-content\/uploads\/2025\/09\/Premio-regionale-solidariet\u00e0-598-150x150.jpg 150w\" sizes=\"(max-width: 150px) 100vw, 150px\" \/><\/a>\n\t\t\t<\/dt>\n\t\t\t\t<dd class='wp-caption-text gallery-caption' id='gallery-2-5419'>\n\t\t\t\tBumbaca Gorizia                  @Pierluigi Bumbaca fotografo\n\t\t\t\t<\/dd><\/dl>\n\t\t\t<br style='clear: both' \/>\n\t\t<\/div>\n\n<p>&nbsp;<\/p>\n<p>&nbsp;<\/p>\n<p>&nbsp;<\/p>","excerpt":"","slug":"premio-regionale-solidarieta-domenica-5-ottobre-2025","image":false,"all_day":false,"start_date":"2025-09-17 10:00:00","start_date_details":{"year":"2025","month":"09","day":"17","hour":"10","minutes":"00","seconds":"00"},"end_date":"2025-09-17 12:30:00","end_date_details":{"year":"2025","month":"09","day":"17","hour":"12","minutes":"30","seconds":"00"},"utc_start_date":"2025-09-17 10:00:00","utc_start_date_details":{"year":"2025","month":"09","day":"17","hour":"10","minutes":"00","seconds":"00"},"utc_end_date":"2025-09-17 12:30:00","utc_end_date_details":{"year":"2025","month":"09","day":"17","hour":"12","minutes":"30","seconds":"00"},"timezone":"UTC+0","timezone_abbr":"UTC+0","cost":"","cost_details":{"currency_symbol":"","currency_position":"prefix","values":[]},"website":"","show_map":true,"show_map_link":true,"hide_from_listings":false,"sticky":false,"featured":false,"categories":[{"name":"Eventi","slug":"eventi","term_group":0,"term_taxonomy_id":8,"taxonomy":"tribe_events_cat","description":"","parent":0,"count":40,"filter":"raw","id":8,"urls":{"self":"https:\/\/consultadisabili.fvg.it\/index.php?rest_route=\/tribe\/events\/v1\/categories\/8","collection":"https:\/\/consultadisabili.fvg.it\/index.php?rest_route=\/tribe\/events\/v1\/categories"}}],"tags":[],"venue":{"id":5313,"author":"3","status":"publish","date":"2025-09-30 09:34:53","date_utc":"2025-09-30 09:34:53","modified":"2025-09-30 09:34:53","modified_utc":"2025-09-30 09:34:53","url":"https:\/\/consultadisabili.fvg.it\/?tribe_venue=union-ginnastica-goriziana","venue":"UNION GINNASTICA GORIZIANA","slug":"union-ginnastica-goriziana","address":"VIA RISMONDO 2","city":"GORIZIA","country":"Italia","province":"Seleziona uno Stato:","zip":"33170","stateprovince":"Seleziona uno Stato:","json_ld":{"@type":"Place","name":"UNION GINNASTICA GORIZIANA","description":"","url":false,"address":{"@type":"PostalAddress","streetAddress":"VIA RISMONDO 2","addressLocality":"GORIZIA","addressRegion":"Seleziona uno Stato:","postalCode":"33170","addressCountry":"Italia"},"telephone":"","sameAs":""},"show_map":true,"show_map_link":true,"global_id":"consultadisabili.fvg.it?id=5313","global_id_lineage":["consultadisabili.fvg.it?id=5313"]},"organizer":[],"json_ld":{"@context":"http:\/\/schema.org","@type":"Event","name":"Premio Regionale Solidariet\u00e0 &#8211; domenica 5 ottobre 2025","description":"&lt;p&gt;&nbsp; LOCANDINA PREMIO REGIONALE SOLIDARIETA\\' PROGRAMMA comunicato stampa premio5.10.2025 IL PRESIDENTE DELLA REGIONE FEDRIGA RITIRA IL RICONOSCIMENTO SPECIALE AL PREMIO REGIONALE SOLIDARIET\u00c0 2025 All\u2019Ugg di Gorizia \u00e8 andata in scena l\u2019annuale festa dell\u2019impegno quotidiano a favore dei pi\u00f9 deboli GORIZIA \u2013 \u201cQuesto premio va a tutta la comunit\u00e0 del Friuli Venezia Giulia, che io rappresento pro tempore. I risultati non sono frutto solo delle risorse economiche che si mettono in campo o delle norme che si creano, da sole non basterebbero: solo grazie ad una rete di realt\u00e0 e di persone che si muovono assieme si pu\u00f2 dare un simile segno [&hellip;]&lt;\/p&gt;\\n","url":"https:\/\/consultadisabili.fvg.it\/?tribe_events=premio-regionale-solidarieta-domenica-5-ottobre-2025","startDate":"2025-09-17T10:00:00+00:00","endDate":"2025-09-17T12:30:00+00:00","location":{"@type":"Place","name":"UNION GINNASTICA GORIZIANA","description":"","url":false,"address":{"@type":"PostalAddress","streetAddress":"VIA RISMONDO 2","addressLocality":"GORIZIA","addressRegion":"Seleziona uno Stato:","postalCode":"33170","addressCountry":"Italia"},"telephone":"","sameAs":""},"performer":"Organization"}}