{"id":4728,"global_id":"consultadisabili.fvg.it?id=4728","global_id_lineage":["consultadisabili.fvg.it?id=4728"],"author":"3","status":"publish","date":"2025-04-14 14:21:51","date_utc":"2025-04-14 14:21:51","modified":"2025-05-19 12:22:29","modified_utc":"2025-05-19 12:22:29","url":"https:\/\/consultadisabili.fvg.it\/?tribe_events=abitare-inclusivo-liberta-di-scelta-per-una-vita-indipendente","rest_url":"https:\/\/consultadisabili.fvg.it\/index.php?rest_route=\/tribe\/events\/v1\/events\/4728","title":"Abitare Inclusivo: libert\u00e0 di scelta per una Vita Indipendente","description":"<p>Pordenone, 10 maggio 2025 ore 9.00 \u2013 12.00, 104 \u2013 The Caregiving Expo<\/p>\n<p><strong>Titolo: <\/strong>Abitare Inclusivo: libert\u00e0 di scelta per una Vita Indipendente<\/p>\n<p>Evento patrocinato dal Comune di Pordenone<\/p>\n<p><a href=\"http:\/\/consultadisabili.fvg.it\/wp-content\/uploads\/2025\/04\/locandina-convegno-10-maggio-2025-rev3.pdf\">locandina convegno 10 maggio 2025 rev3<\/a><\/p>\n<p>&nbsp;<\/p>\n<p>Di seguito le slides presentate al convegno:<\/p>\n<p><a href=\"http:\/\/consultadisabili.fvg.it\/wp-content\/uploads\/2025\/04\/Breveglieri-presentazione-coop.AMICO_.pdf\">Breveglieri presentazione coop.AMICO<\/a><\/p>\n<p><a href=\"http:\/\/consultadisabili.fvg.it\/wp-content\/uploads\/2025\/04\/Capuzzello-presentazione-ARTSAM.pdf\">Capuzzello presentazione ARTSAM<\/a><\/p>\n<p><a href=\"http:\/\/consultadisabili.fvg.it\/wp-content\/uploads\/2025\/04\/Dannisi-presentazone-Comunit\u00e0-il-melograno-casa-lovaria.pdf\">Dannisi presentazone Comunit\u00e0 il melograno casa lovaria<\/a><\/p>\n<p><a href=\"http:\/\/consultadisabili.fvg.it\/wp-content\/uploads\/2025\/04\/Del-Duca-presentazione-Fondazione-Bambini-e-Autismo.pdf\">Del Duca presentazione Fondazione Bambini e Autismo<\/a><\/p>\n<p><a href=\"http:\/\/consultadisabili.fvg.it\/wp-content\/uploads\/2025\/04\/Francescutti-presentazione-sistema-abitare-sociale-territorio-ASUFC.pdf\">Francescutti presentazione sistema abitare sociale territorio ASUFC<\/a><\/p>\n<p><a href=\"http:\/\/consultadisabili.fvg.it\/wp-content\/uploads\/2025\/04\/RAimondo-presentazione-abitare-possibile-Fondazione-Anffas-G.Locatelli.pdf\">RAimondo presentazione abitare possibile Fondazione Anffas G.Locatelli<\/a><\/p>\n<p><a href=\"http:\/\/consultadisabili.fvg.it\/wp-content\/uploads\/2025\/04\/Silvestre-Presentazione-Fondazione-Down-e-ass.-LALUNA.pdf\">Silvestre Presentazione Fondazione Down e ass. LALUNA<\/a><\/p>\n<p>&nbsp;<\/p>\n<p><img class=\"alignnone size-full wp-image-4896\" src=\"http:\/\/consultadisabili.fvg.it\/wp-content\/uploads\/2025\/04\/F158.jpg\" alt=\"\" width=\"320\" height=\"240\" srcset=\"https:\/\/consultadisabili.fvg.it\/wp-content\/uploads\/2025\/04\/F158-200x150.jpg 200w, https:\/\/consultadisabili.fvg.it\/wp-content\/uploads\/2025\/04\/F158-300x225.jpg 300w, https:\/\/consultadisabili.fvg.it\/wp-content\/uploads\/2025\/04\/F158.jpg 320w\" sizes=\"(max-width: 320px) 100vw, 320px\" \/> <img class=\"alignnone size-full wp-image-4895\" src=\"http:\/\/consultadisabili.fvg.it\/wp-content\/uploads\/2025\/04\/F157.jpg\" alt=\"\" width=\"320\" height=\"240\" srcset=\"https:\/\/consultadisabili.fvg.it\/wp-content\/uploads\/2025\/04\/F157-200x150.jpg 200w, https:\/\/consultadisabili.fvg.it\/wp-content\/uploads\/2025\/04\/F157-300x225.jpg 300w, https:\/\/consultadisabili.fvg.it\/wp-content\/uploads\/2025\/04\/F157.jpg 320w\" sizes=\"(max-width: 320px) 100vw, 320px\" \/> \u00a0 \u00a0 \u00a0 \u00a0<img class=\"alignnone size-full wp-image-4887\" src=\"http:\/\/consultadisabili.fvg.it\/wp-content\/uploads\/2025\/04\/F149.jpg\" alt=\"\" width=\"320\" height=\"240\" srcset=\"https:\/\/consultadisabili.fvg.it\/wp-content\/uploads\/2025\/04\/F149-200x150.jpg 200w, https:\/\/consultadisabili.fvg.it\/wp-content\/uploads\/2025\/04\/F149-300x225.jpg 300w, https:\/\/consultadisabili.fvg.it\/wp-content\/uploads\/2025\/04\/F149.jpg 320w\" sizes=\"(max-width: 320px) 100vw, 320px\" \/> <img class=\"alignnone size-full wp-image-4886\" src=\"http:\/\/consultadisabili.fvg.it\/wp-content\/uploads\/2025\/04\/F148.jpg\" alt=\"\" width=\"320\" height=\"240\" srcset=\"https:\/\/consultadisabili.fvg.it\/wp-content\/uploads\/2025\/04\/F148-200x150.jpg 200w, https:\/\/consultadisabili.fvg.it\/wp-content\/uploads\/2025\/04\/F148-300x225.jpg 300w, https:\/\/consultadisabili.fvg.it\/wp-content\/uploads\/2025\/04\/F148.jpg 320w\" sizes=\"(max-width: 320px) 100vw, 320px\" \/> <img class=\"alignnone size-full wp-image-4885\" src=\"http:\/\/consultadisabili.fvg.it\/wp-content\/uploads\/2025\/04\/F147.jpg\" alt=\"\" width=\"320\" height=\"240\" srcset=\"https:\/\/consultadisabili.fvg.it\/wp-content\/uploads\/2025\/04\/F147-200x150.jpg 200w, https:\/\/consultadisabili.fvg.it\/wp-content\/uploads\/2025\/04\/F147-300x225.jpg 300w, https:\/\/consultadisabili.fvg.it\/wp-content\/uploads\/2025\/04\/F147.jpg 320w\" sizes=\"(max-width: 320px) 100vw, 320px\" \/> <img class=\"alignnone size-full wp-image-4884\" src=\"http:\/\/consultadisabili.fvg.it\/wp-content\/uploads\/2025\/04\/F146.jpg\" alt=\"\" width=\"320\" height=\"240\" srcset=\"https:\/\/consultadisabili.fvg.it\/wp-content\/uploads\/2025\/04\/F146-200x150.jpg 200w, https:\/\/consultadisabili.fvg.it\/wp-content\/uploads\/2025\/04\/F146-300x225.jpg 300w, https:\/\/consultadisabili.fvg.it\/wp-content\/uploads\/2025\/04\/F146.jpg 320w\" sizes=\"(max-width: 320px) 100vw, 320px\" \/> \u00a0 \u00a0<img class=\"alignnone size-full wp-image-4880\" src=\"http:\/\/consultadisabili.fvg.it\/wp-content\/uploads\/2025\/04\/F142.jpg\" alt=\"\" width=\"320\" height=\"240\" srcset=\"https:\/\/consultadisabili.fvg.it\/wp-content\/uploads\/2025\/04\/F142-200x150.jpg 200w, https:\/\/consultadisabili.fvg.it\/wp-content\/uploads\/2025\/04\/F142-300x225.jpg 300w, https:\/\/consultadisabili.fvg.it\/wp-content\/uploads\/2025\/04\/F142.jpg 320w\" sizes=\"(max-width: 320px) 100vw, 320px\" \/> <img class=\"alignnone size-full wp-image-4879\" src=\"http:\/\/consultadisabili.fvg.it\/wp-content\/uploads\/2025\/04\/F141.jpg\" alt=\"\" width=\"320\" height=\"240\" srcset=\"https:\/\/consultadisabili.fvg.it\/wp-content\/uploads\/2025\/04\/F141-200x150.jpg 200w, https:\/\/consultadisabili.fvg.it\/wp-content\/uploads\/2025\/04\/F141-300x225.jpg 300w, https:\/\/consultadisabili.fvg.it\/wp-content\/uploads\/2025\/04\/F141.jpg 320w\" sizes=\"(max-width: 320px) 100vw, 320px\" \/> <img class=\"size-full wp-image-4875 alignleft\" src=\"http:\/\/consultadisabili.fvg.it\/wp-content\/uploads\/2025\/04\/F137.jpg\" alt=\"\" width=\"320\" height=\"240\" srcset=\"https:\/\/consultadisabili.fvg.it\/wp-content\/uploads\/2025\/04\/F137-200x150.jpg 200w, https:\/\/consultadisabili.fvg.it\/wp-content\/uploads\/2025\/04\/F137-300x225.jpg 300w, https:\/\/consultadisabili.fvg.it\/wp-content\/uploads\/2025\/04\/F137.jpg 320w\" sizes=\"(max-width: 320px) 100vw, 320px\" \/><img class=\"size-full wp-image-4876 alignleft\" src=\"http:\/\/consultadisabili.fvg.it\/wp-content\/uploads\/2025\/04\/F138.jpg\" alt=\"\" width=\"320\" height=\"240\" srcset=\"https:\/\/consultadisabili.fvg.it\/wp-content\/uploads\/2025\/04\/F138-200x150.jpg 200w, https:\/\/consultadisabili.fvg.it\/wp-content\/uploads\/2025\/04\/F138-300x225.jpg 300w, https:\/\/consultadisabili.fvg.it\/wp-content\/uploads\/2025\/04\/F138.jpg 320w\" sizes=\"(max-width: 320px) 100vw, 320px\" \/> \u00a0<img class=\"alignnone size-full wp-image-4872\" src=\"http:\/\/consultadisabili.fvg.it\/wp-content\/uploads\/2025\/04\/F134.jpg\" alt=\"\" width=\"320\" height=\"240\" srcset=\"https:\/\/consultadisabili.fvg.it\/wp-content\/uploads\/2025\/04\/F134-200x150.jpg 200w, https:\/\/consultadisabili.fvg.it\/wp-content\/uploads\/2025\/04\/F134-300x225.jpg 300w, https:\/\/consultadisabili.fvg.it\/wp-content\/uploads\/2025\/04\/F134.jpg 320w\" sizes=\"(max-width: 320px) 100vw, 320px\" \/> \u00a0\u00a0<img class=\"alignnone size-full wp-image-4898\" src=\"http:\/\/consultadisabili.fvg.it\/wp-content\/uploads\/2025\/04\/F160.jpg\" alt=\"\" width=\"320\" height=\"240\" srcset=\"https:\/\/consultadisabili.fvg.it\/wp-content\/uploads\/2025\/04\/F160-200x150.jpg 200w, https:\/\/consultadisabili.fvg.it\/wp-content\/uploads\/2025\/04\/F160-300x225.jpg 300w, https:\/\/consultadisabili.fvg.it\/wp-content\/uploads\/2025\/04\/F160.jpg 320w\" sizes=\"(max-width: 320px) 100vw, 320px\" \/><\/p>\n<p>Argomento: Conferenza Abitare Inclusivo<\/p>\n<p>Ora: 10 mag 2025 09:30 AM Roma<\/p>\n<p>Entra nella riunione in Zoom<\/p>\n<p>https:\/\/us06web.zoom.us\/j\/83896518865?pwd=KbdY44AfuNaceWQWXVqr5mSVEpFpYq.1<a href=\"https:\/\/us06web.zoom.us\/j\/83896518865?pwd=KbdY44AfuNaceWQWXVqr5mSVEpFpYq.1\">clicca qui per il collegamento da remoto<\/a><\/p>\n<p>ID riunione: 838 9651 8865<\/p>\n<p>Codice d\u2019accesso: 930728<\/p>\n<p><a href=\"https:\/\/mobility-access-pass.org\/2025\/05\/06\/104-caregiving-expo-pordenone-8-10-maggio\/\">articolo su Mobility-access<\/a><\/p>\n<p><strong>Contenuti<\/strong><\/p>\n<p>Se gi\u00e0 la Costituzione italiana garantisce nei principi fondamentali la dignit\u00e0 sociale di tutti gli uomini, la Convenzione ONU sui diritti delle persone con disabilit\u00e0, grazie alla sua formulazione giuridica vincolante che impegna gli Stati membri a realizzare le condizioni per evitare forme di discriminazione e di emarginazione, per assicurare l\u2019inclusione di tutte le persone, ha portato un decisivo cambio culturale e a costruire i presupposti per superare la stagione di stigmatizzazione e segregazione delle persone con disabilit\u00e0, in modo tale che il riconoscimento della piena dignit\u00e0 della persona, dei suoi talenti e del suo potenziale di sviluppo umano trovino le condizioni per concretizzare quei principi incontrovertibili che rischiano talvolta di restare inapplicati.<\/p>\n<p>Il tema dell\u2019abitare, in questo contesto, riveste un ruolo essenziale, perch\u00e9 definisce la sfera in cui si realizza l\u2019alternativa all\u2019istituzionalizzazione per le persone non autonome, dimensione medica fino a pochi anni fa ritenuta la condizione unica e inevitabile per garantire la cura. L\u2019abitare possiede una dimensione terapeutica riconosciuta oramai in maniera unanime perch\u00e9 rende possibile l\u2019assistenza con il coordinamento dei servizi, favorisce la dimensione sociale e relazionale delle persone oltre a garantire il mantenimento della memoria e dell\u2019identit\u00e0.<\/p>\n<p>Dare la possibilit\u00e0 alle persone con disabilit\u00e0 anche grave, di vivere nel luogo in cui desiderano, in cui si identificano e possano coltivare le relazioni, \u00e8 un obiettivo della Regione Friuli-Venezia Giulia, perseguito attraverso un apparato normativo per favorire e rendere sostenibili economicamente sperimentazioni alternative all\u2019istituzionalizzazione in cui la dimensione dell\u2019abitare si estende dalla dimensione domestica alla dimensione di quartiere (o del paese) per evitare fenomeni di emarginazione e garantire una piena inclusione della persona.<\/p>\n<p>Il convegno intende far riflettere su questi aspetti, per diffondere questa cultura, restituendo anche le esperienze che si stanno svolgendo in regione, per tracciare traiettorie che rispondano ai desiderata delle persone, per superare la soluzione dell\u2019istituto insieme al portato dell\u2019estetica sanitaria, per offrire una casa propria, personalizzabile, in cui la sfera domestica trasmetta una bella atmosfera, una bellezza di cui tutti abbiamo bisogno,\u00a0 con spazi accessibili e mobili e attrezzature fruibili, progettata con la metodologia dell\u2019Universal Design, indicata come risorsa dalla Convenzione ONU per superare le barriere architettoniche\u00a0 e comunicative.<\/p>\n<p><strong>In sintesi, i temi che affronteremo sono:<\/strong><\/p>\n<ul>\n<li>La convenzione ONU e la dignit\u00e0 delle persone con disabilit\u00e0:\n<ul>\n<li>Diritti alla partecipazione, alla vita indipendente, accessibilit\u00e0 all\u2019ambiente fisico e ai servizi;<\/li>\n<li>Diritto di scelta di dove e con chi vivere;<\/li>\n<\/ul>\n<\/li>\n<li>Abitare alternativo all\u2019istituzionalizzazione:\n<ul>\n<li>dimensione relazionale e sociale;<\/li>\n<li>welfare centrato sui legami;<\/li>\n<li>libert\u00e0 di scelta di vita indipendente;<\/li>\n<li>coabitazione assistita per diversi gradi di bisogni;<\/li>\n<li>tecnologie domotiche<\/li>\n<li>sistema di servizi di supporto domestico<\/li>\n<\/ul>\n<\/li>\n<li>Le politiche della Regione Friuli-Venezia Giulia:\n<ul>\n<li>Evoluzione normativa;<\/li>\n<li>Sostegno alla domiciliarit\u00e0;<\/li>\n<li>Il progetto personalizzato;<\/li>\n<li>Gli strumenti del FAP e del Budget di salute;<\/li>\n<\/ul>\n<\/li>\n<li>Esperienze in Friuli-Venezia Giulia\n<ul>\n<li>Sperimentazioni di domiciliarit\u00e0 raccontate dai soggetti gestori.<\/li>\n<\/ul>\n<\/li>\n<\/ul>\n<p><strong>Moderatore <\/strong><\/p>\n<p>Sergio Raimondo Presidente Consulta delle Associazioni delle persone con disabilit\u00e0 e delle loro famiglie della Provincia di Pordenone ODV<\/p>\n<p><strong>Invitati a parlare:<\/strong><\/p>\n<p>Antonella Sberna, Vicepresidente del Parlamento Europeo<\/p>\n<p>Maria Teresa Bellucci, Viceministro del Lavoro e delle Politiche Sociali<\/p>\n<p>Mario Brancati, Presidente Consulta regionale delle associazioni delle persone con disabilit\u00e0 e delle loro famiglie del FVG &#8211; ODV<\/p>\n<p>Carlo Bolzonello, Presidente III Commissione Permanente Tutela della salute, servizi sociali, alimentazione, previdenza complementare e integrativa, Regione FVG<\/p>\n<p>Dirigente della Direzione regionale salute, politiche sociali e disabilit\u00e0, Regione FVG<\/p>\n<p>Dirigente della Direzione dei Servizi Sociosanitari Azienda sanitaria Friuli Occidentale<\/p>\n<p>Rappresentante Comune di Pordenone<\/p>\n<p>Vincenzo Falabella, Presidente, Federazione Italiana per i diritti delle persone con disabilit\u00e0 e famiglie<\/p>\n<p>Marco De Palma, Direttore Generale Fondazione ANFFAS \u201cGiulio Locatelli\u201d ONLUS,<\/p>\n<p>Marco Tortul, Presidente Consulta Territoriale delle associazioni delle persone con disabilit\u00e0 e delle loro famiglie della provincia di Trieste, Oltre Quella Sedia: La vita che vorrei \u2013 percorsi di abitare innovativo costruito a fasi<\/p>\n<p>Giorgio Dannisi, Presidente COPS \u2013 Comitato delle Organizzazioni del Privato Sociale, Abitare inclusivo e buone pratiche: un percorso virtuoso per un&#8217;autonomia possibile<\/p>\n<p>Davide Del Duca, Direttore Generale Fondazione Bambini e Autismo ONLUS, Un nuovo modello di residenzialit\u00e0 che viene da lontano: l\u2019abitare secondo Fondazione Bambini Autismo<\/p>\n<p>Savina Capuzzello, Presidente Associazione ARTSaM, La Coabitazione Sociale migliora la qualit\u00e0 della Vita nella Salute Mentale.<\/p>\n<p>Rita Breveglieri, Vice Presidente Cooperativa Amico di Trieste, AMICO INN CASA &#8211; La nostra esperienza di Domiciliarit\u00e0 Innovativa<\/p>\n<p>Vittorino Boem Consigliere di Amministrazione di Vicini di Casa Soc. Coop. ONLUS e Presidente de \u201cLe Case di Tino ETS\u201d dal titolo \u201cLa Casa per il tempo che stiamo vivendo\u201d<\/p>\n<p>Sergio Silvestre, Presidente Fondazione Down Friuli Venezia Giulia Onlus<\/p>","excerpt":"","slug":"abitare-inclusivo-liberta-di-scelta-per-una-vita-indipendente","image":false,"all_day":false,"start_date":"2025-05-10 08:00:00","start_date_details":{"year":"2025","month":"05","day":"10","hour":"08","minutes":"00","seconds":"00"},"end_date":"2025-05-10 17:00:00","end_date_details":{"year":"2025","month":"05","day":"10","hour":"17","minutes":"00","seconds":"00"},"utc_start_date":"2025-05-10 08:00:00","utc_start_date_details":{"year":"2025","month":"05","day":"10","hour":"08","minutes":"00","seconds":"00"},"utc_end_date":"2025-05-10 17:00:00","utc_end_date_details":{"year":"2025","month":"05","day":"10","hour":"17","minutes":"00","seconds":"00"},"timezone":"UTC+0","timezone_abbr":"UTC+0","cost":"","cost_details":{"currency_symbol":"","currency_position":"prefix","values":[]},"website":"","show_map":true,"show_map_link":true,"hide_from_listings":false,"sticky":false,"featured":false,"categories":[{"name":"Eventi","slug":"eventi","term_group":0,"term_taxonomy_id":8,"taxonomy":"tribe_events_cat","description":"","parent":0,"count":40,"filter":"raw","id":8,"urls":{"self":"https:\/\/consultadisabili.fvg.it\/index.php?rest_route=\/tribe\/events\/v1\/categories\/8","collection":"https:\/\/consultadisabili.fvg.it\/index.php?rest_route=\/tribe\/events\/v1\/categories"}}],"tags":[],"venue":[],"organizer":[],"json_ld":{"@context":"http:\/\/schema.org","@type":"Event","name":"Abitare Inclusivo: libert\u00e0 di scelta per una Vita Indipendente","description":"&lt;p&gt;Pordenone, 10 maggio 2025 ore 9.00 \u2013 12.00, 104 \u2013 The Caregiving Expo Titolo: Abitare Inclusivo: libert\u00e0 di scelta per una Vita Indipendente Evento patrocinato dal Comune di Pordenone locandina convegno 10 maggio 2025 rev3 &nbsp; Di seguito le slides presentate al convegno: Breveglieri presentazione coop.AMICO Capuzzello presentazione ARTSAM Dannisi presentazone Comunit\u00e0 il melograno casa lovaria Del Duca presentazione Fondazione Bambini e Autismo Francescutti presentazione sistema abitare sociale territorio ASUFC RAimondo presentazione abitare possibile Fondazione Anffas G.Locatelli Silvestre Presentazione Fondazione Down e ass. LALUNA &nbsp; \u00a0 \u00a0 \u00a0 \u00a0 \u00a0 \u00a0 \u00a0 \u00a0\u00a0 Argomento: Conferenza Abitare Inclusivo Ora: 10 mag 2025 [&hellip;]&lt;\/p&gt;\\n","url":"https:\/\/consultadisabili.fvg.it\/?tribe_events=abitare-inclusivo-liberta-di-scelta-per-una-vita-indipendente","startDate":"2025-05-10T08:00:00+00:00","endDate":"2025-05-10T17:00:00+00:00","performer":"Organization"}}