{"id":2084,"global_id":"consultadisabili.fvg.it?id=2084","global_id_lineage":["consultadisabili.fvg.it?id=2084"],"author":"1","status":"publish","date":"2019-09-21 14:41:56","date_utc":"2019-09-21 14:41:56","modified":"2019-10-17 11:47:57","modified_utc":"2019-10-17 11:47:57","url":"https:\/\/consultadisabili.fvg.it\/?tribe_events=udine-21-settembre-2019-la-nuova-programmazione-socio-sanitaria","rest_url":"https:\/\/consultadisabili.fvg.it\/index.php?rest_route=\/tribe\/events\/v1\/events\/2084","title":"Udine, 21 settembre 2019 &#8211; La nuova programmazione socio-sanitaria","description":"<p>Disabili: Riccardi, percorso partecipato conferma validit\u00e0 riforma<\/p>\n<p>Udine, 21 set &#8211; La nuova programmazione socio-sanitaria dovr\u00e0 affrontare la rivisitazione dei servizi esistenti partendo dalla persona e dai suoi bisogni e accantonando interventi con servizi precostituiti o a carico esclusivo della famiglia della persona disabile. Dovr\u00e0 poi tenere conto della peculiarit\u00e0 dei territori, della centralit\u00e0 del distretto sanitario e di una vera integrazione socio-sanitaria.<\/p>\n<p>Sono stati questi alcuni dei contributi forniti oggi al vicegovernatore del Friuli Venezia Giulia con delega a Salute, Politiche sociali e Disabilit\u00e0, Riccardo Riccardi, dai rappresentanti del mondo della disabilit\u00e0 nel corso della giornata di ascolto organizzata dalla direzione regionale Salute nell&#8217;auditorium della Regione a Udine. L&#8217;incontro \u00e8 parte di un percorso partecipato di revisione della legge 17\/2014 che ha gi\u00e0 coinvolto met\u00e0 dei 18 Ambiti sociosanitari regionali e che si prevede concluso il prossimo 4 ottobre.<\/p>\n<p>Per Riccardi il bilancio, in termini di contributi raccolti, \u00e8 positivo sia per quanto riguarda il confronto odierno sia per ci\u00f2 che \u00e8 emerso negli incontri precedenti con gli Ambiti sociosanitari. &#8220;Si tratta di un metodo di lavoro nuovo &#8211; ha indicato &#8211; volto a raccogliere contributi per la stesura della nuova norma da portare in Aula consiliare prima della legge di stabilit\u00e0&#8221;.<\/p>\n<p>L&#8217;iter intrapreso attraverso il dialogo con gli amministratori, gli operatori sociali e sociosanitari, i rappresentanti del Terzo settore e le esperienze delle famiglie, constatato anche l&#8217;apprezzamento dei portatori di interesse per la giornata di ascolto odierna, &#8220;sta dimostrando &#8211; secondo il vicegovernatore &#8211; che la direzione per giungere ad una riforma di reale integrazione sociosanitaria, che non parta dall&#8217;ospedale ma vada verso l&#8217;ospedale, con una presa in carico che vede nelle strutture ospedaliere solo una parte del sistema, \u00e8 corretta&#8221;.<\/p>\n<p>L&#8217;incontro si \u00e8 aperto con un videomessaggio del governatore Fvg, Massimiliano Fedriga, che ha ricordato come risolvere e affrontare i temi della disabilit\u00e0 &#8220;significa rendere la regione pi\u00f9 civile e dare diritti fondamentali che troppo spesso vengono negati dalle Pubbliche amministrazioni&#8221;. Necessari per Fedriga, quindi, i contributi dei portatori di interesse per raggiungere l&#8217;obiettivo &#8220;che non \u00e8 solo un diritto da garantire a chi vive la disabilit\u00e0 ma un diritto per tutti i cittadini della regione&#8221;.<\/p>\n<p>Nel suo intervento, Riccardi ha evidenziato i temi della trasversalit\u00e0 nell&#8217;affrontare le disabilit\u00e0, della necessit\u00e0 di superare le sperimentazioni quando danno risposte positive e delle competenze, quest&#8217;ultime &#8220;necessarie per un&#8217;integrazione sociosanitaria capace di stare al passo con i tempi e che rappresentano uno dei grandi temi complessi e di limite all&#8217;interno delle strutture pubbliche su cui stiamo lavorando&#8221;.<\/p>\n<p>&#8220;In un sistema &#8211; ha aggiunto Riccardi &#8211; che ha ancora al centro la sanit\u00e0 e non la salute, le progettualit\u00e0 e le sperimentazioni sui temi che riguardano la fragilit\u00e0 se danno dei risultati positivi devono rientrare a pieno titolo nel sistema, diversamente rischiamo di non dare risposte e di permanere nella transitoriet\u00e0. Oggi nell&#8217;integrazione sociosanitaria che sta fuori dalla struttura ospedaliera questo non \u00e8 ancora avvenuto; il nuovo sistema di salute sar\u00e0 in grado di compiere quel salto di qualit\u00e0&#8221;.<\/p>\n<p>Fra gli apporti delle diverse realt\u00e0 del mondo della disabilit\u00e0, quello di Mario Brancati, presidente della consulta Disabili Fvg, che ha confermato l&#8217;esigenza di un percorso riformatore reso improcrastinabile dall&#8217;evoluzione dei nuovi bisogni; di Franco Bagnarol, portavoce del forum del Terzo Settore Fvg, e del presidente del Comitato regionale del volontariato, Paolo Zenarolla, che ha sottolineato la necessit\u00e0 di ampliare l&#8217;accesso ai servizi a persone con forme di disabilit\u00e0 che oggi non riescono ad essere rappresentate.<\/p>\n<p>Elena Bulfone, presidente della onlus Progettoautismo Fvg, ha apprezzato la volont\u00e0 dell&#8217;Amministrazione regionale di riformare il sistema, auspicando la collaborazione di tutte le parti sociali, delle associazioni del territorio e dei funzionari determinanti per il buon esito della riforma. ARC\/LP\/fc<\/p>","excerpt":"","slug":"udine-21-settembre-2019-la-nuova-programmazione-socio-sanitaria","image":false,"all_day":true,"start_date":"2019-09-21 00:00:00","start_date_details":{"year":"2019","month":"09","day":"21","hour":"00","minutes":"00","seconds":"00"},"end_date":"2019-09-21 23:59:59","end_date_details":{"year":"2019","month":"09","day":"21","hour":"23","minutes":"59","seconds":"59"},"utc_start_date":"2019-09-21 00:00:00","utc_start_date_details":{"year":"2019","month":"09","day":"21","hour":"00","minutes":"00","seconds":"00"},"utc_end_date":"2019-09-21 23:59:59","utc_end_date_details":{"year":"2019","month":"09","day":"21","hour":"23","minutes":"59","seconds":"59"},"timezone":"UTC+0","timezone_abbr":"UTC+0","cost":"","cost_details":{"currency_symbol":"","currency_position":"prefix","values":[]},"website":"","show_map":true,"show_map_link":true,"hide_from_listings":false,"sticky":false,"featured":false,"categories":[{"name":"Eventi","slug":"eventi","term_group":0,"term_taxonomy_id":8,"taxonomy":"tribe_events_cat","description":"","parent":0,"count":40,"filter":"raw","id":8,"urls":{"self":"https:\/\/consultadisabili.fvg.it\/index.php?rest_route=\/tribe\/events\/v1\/categories\/8","collection":"https:\/\/consultadisabili.fvg.it\/index.php?rest_route=\/tribe\/events\/v1\/categories"}}],"tags":[],"venue":[],"organizer":[],"json_ld":{"@context":"http:\/\/schema.org","@type":"Event","name":"Udine, 21 settembre 2019 &#8211; La nuova programmazione socio-sanitaria","description":"&lt;p&gt;Disabili: Riccardi, percorso partecipato conferma validit\u00e0 riforma Udine, 21 set - La nuova programmazione socio-sanitaria dovr\u00e0 affrontare la rivisitazione dei servizi esistenti partendo dalla persona e dai suoi bisogni e accantonando interventi con servizi precostituiti o a carico esclusivo della famiglia della persona disabile. Dovr\u00e0 poi tenere conto della peculiarit\u00e0 dei territori, della centralit\u00e0 del distretto sanitario e di una vera integrazione socio-sanitaria. Sono stati questi alcuni dei contributi forniti oggi al vicegovernatore del Friuli Venezia Giulia con delega a Salute, Politiche sociali e Disabilit\u00e0, Riccardo Riccardi, dai rappresentanti del mondo della disabilit\u00e0 nel corso della giornata di ascolto organizzata dalla [&hellip;]&lt;\/p&gt;\\n","url":"https:\/\/consultadisabili.fvg.it\/?tribe_events=udine-21-settembre-2019-la-nuova-programmazione-socio-sanitaria","startDate":"2019-09-21T00:00:00+00:00","endDate":"2019-09-21T23:59:59+00:00","performer":"Organization"}}