{"id":2015,"global_id":"consultadisabili.fvg.it?id=2015","global_id_lineage":["consultadisabili.fvg.it?id=2015"],"author":"1","status":"publish","date":"2019-04-27 14:10:44","date_utc":"2019-04-27 14:10:44","modified":"2019-10-17 11:48:51","modified_utc":"2019-10-17 11:48:51","url":"https:\/\/consultadisabili.fvg.it\/?tribe_events=27-aprile-2019-gorizia-assemblea-ordinaria-della-consulta-regionale","rest_url":"https:\/\/consultadisabili.fvg.it\/index.php?rest_route=\/tribe\/events\/v1\/events\/2015","title":"27 aprile 2019 Gorizia &#8211; Assemblea ordinaria della Consulta regionale","description":"<p>L\u2019appello alla Regione del presidente della Consulta<\/p>\n<p><strong>BRANCATI: \u201cIL FRIULI VENEZIA GIULIA DIVENTI LA PRIMA REGIONE CON TUTTE LE SCUOLE ACCESSIBILI\u201d<\/strong><\/p>\n<p><em>C\u2019era anche l\u2019assessore regionale a Infrastrutture e territorio Graziano Pizzimenti all\u2019assemblea della Consulta regionale che si \u00e8 svolta sabato a Gorizia<\/em><\/p>\n<p><strong>\u00a0\u00a0<\/strong><\/p>\n<p>Gorizia \u2013 Si \u00e8 svolta <strong>sabato mattina<\/strong> <strong>negli spazi della Fondazione Cassa di Risparmio di Gorizia<\/strong>, nel capoluogo isontino, <strong>l\u2019assemblea ordinaria della Consulta regionale delle associazioni di persone disabili e delle loro famiglie<\/strong>, alla presenza tra gli altri del <strong>presidente regionale Mario Brancati<\/strong>, di quello <strong>territoriale Gabriele Grudina<\/strong> e di <strong>ospiti come l\u2019assessore regionale alle Infrastrutture e al territorio Graziano Pizzimenti e l\u2019assessore comunale al Welfare di Gorizia Silvana Romano<\/strong>. L\u2019assemblea ha <strong>approvato<\/strong> tra gli altri documenti <strong>il bilancio consuntivo 2018<\/strong> e le modifiche statutarie previste dal D. Lgs 117\/2017 e successive modifiche, ma \u00e8 stata occasione soprattutto per fare il punto su quanto ottenuto dalla Consulta nell\u2019ultimo anno e sulle <strong>prossime sfide da affrontare<\/strong>.<\/p>\n<p>&nbsp;<\/p>\n<p>A questo proposito <strong>il presidente Mario Brancati ha posto all\u2019attenzione dei delegati arrivati da tutta la regione due priorit\u00e0 <\/strong>in particolare. Innanzitutto <strong>l\u2019istituzionalizzazione dei finanziamenti al Criba <\/strong>(il Centro regionale di informazione sulle barriere architettoniche), ufficialmente riconosciuto con la L.R. 10 del 2018 come unico riferimento regionale per l\u2019accessibilit\u00e0, e che dunque andrebbe incardinato totalmente nelle competenze della Direzione regionale Infrastrutture. E poi <strong>l\u2019abbattimento delle barriere architettoniche in tutte le scuole della regione<\/strong>. \u201cLe statistiche dicono che in Italia solo il 30% degli istituti \u00e8 accessibile a tutti, e in Friuli Venezia Giulia, dove la situazione \u00e8 comunque migliore, siamo oltre il 50% &#8211; ha detto Brancati -. Perch\u00e9 allora non<strong> ci candidiamo ad essere la prima regione in Italia ad avere tutte le scuole accessibili<\/strong>?\u201d. Brancati, che si \u00e8 detto \u201cottimista, perch\u00e9 il 2019 pu\u00f2 e deve essere l\u2019anno di un\u2019ulteriore svolta per quel che riguarda le politiche sulla disabilit\u00e0\u201d, ha anche ricordato che l\u2019obiettivo finale deve essere quello di garantire la migliore qualit\u00e0 possibile della vita alle persone disabili, e \u201cquesto fine deve essere perseguito non solo dal mondo della disabilit\u00e0, ma da tutta la politica\u201d. Da parte sua <strong>l\u2019assessore regionale Graziano Pizzimenti<\/strong> ha parlato della necessit\u00e0 di promuovere un \u201ccambiamento culturale negli amministratori\u201d, chiamati ad essere ancor pi\u00f9 attenti alle esigenze di tutti i cittadini, e ha dato piena disponibilit\u00e0 a lavorare su tutti i temi proposti dalla Consulta, anticipando anche <strong>l\u2019impegno a rafforzare i finanziamenti ai Comuni per adottare i Peba<\/strong>, i Piani di eliminazione delle barriere architettoniche, strumenti fondamentali per progettare citt\u00e0 accessibili.<\/p>\n<p>&nbsp;<\/p>\n<p><strong>All\u2019assemblea tra i tanti era presente anche Berti Bruss della Lega Navale<\/strong>, che ha presentato l\u2019importante progetto del <strong>\u201cGiro d\u2019Italia\u201d<\/strong> che si propone di portare in barca &#8211; con oltre cento giorni totali di navigazione e tappe lungo tutte le coste italiane, a partire da Trieste \u2013 le persone disabili, facendo sperimentare loro <strong>un\u2019esperienza di vita e di inclusione assolutamente unica<\/strong>.<\/p>","excerpt":"","slug":"27-aprile-2019-gorizia-assemblea-ordinaria-della-consulta-regionale","image":{"url":"https:\/\/consultadisabili.fvg.it\/wp-content\/uploads\/2019\/07\/foto-assemblea.jpg","id":"2016","extension":"jpg","width":3264,"height":2448,"sizes":{"thumbnail":{"width":150,"height":150,"mime-type":"image\/jpeg","url":"https:\/\/consultadisabili.fvg.it\/wp-content\/uploads\/2019\/07\/foto-assemblea-150x150.jpg"},"medium":{"width":300,"height":225,"mime-type":"image\/jpeg","url":"https:\/\/consultadisabili.fvg.it\/wp-content\/uploads\/2019\/07\/foto-assemblea-300x225.jpg"},"medium_large":{"width":768,"height":576,"mime-type":"image\/jpeg","url":"https:\/\/consultadisabili.fvg.it\/wp-content\/uploads\/2019\/07\/foto-assemblea-768x576.jpg"},"large":{"width":1024,"height":768,"mime-type":"image\/jpeg","url":"https:\/\/consultadisabili.fvg.it\/wp-content\/uploads\/2019\/07\/foto-assemblea-1024x768.jpg"},"portfolio-full":{"width":940,"height":400,"mime-type":"image\/jpeg","url":"https:\/\/consultadisabili.fvg.it\/wp-content\/uploads\/2019\/07\/foto-assemblea-940x400.jpg"},"portfolio-one":{"width":540,"height":272,"mime-type":"image\/jpeg","url":"https:\/\/consultadisabili.fvg.it\/wp-content\/uploads\/2019\/07\/foto-assemblea-540x272.jpg"},"portfolio-two":{"width":460,"height":295,"mime-type":"image\/jpeg","url":"https:\/\/consultadisabili.fvg.it\/wp-content\/uploads\/2019\/07\/foto-assemblea-460x295.jpg"},"portfolio-three":{"width":300,"height":214,"mime-type":"image\/jpeg","url":"https:\/\/consultadisabili.fvg.it\/wp-content\/uploads\/2019\/07\/foto-assemblea-300x214.jpg"},"portfolio-five":{"width":177,"height":142,"mime-type":"image\/jpeg","url":"https:\/\/consultadisabili.fvg.it\/wp-content\/uploads\/2019\/07\/foto-assemblea-177x142.jpg"},"blog-large":{"width":669,"height":272,"mime-type":"image\/jpeg","url":"https:\/\/consultadisabili.fvg.it\/wp-content\/uploads\/2019\/07\/foto-assemblea-669x272.jpg"},"blog-medium":{"width":320,"height":202,"mime-type":"image\/jpeg","url":"https:\/\/consultadisabili.fvg.it\/wp-content\/uploads\/2019\/07\/foto-assemblea-320x202.jpg"},"recent-posts":{"width":700,"height":441,"mime-type":"image\/jpeg","url":"https:\/\/consultadisabili.fvg.it\/wp-content\/uploads\/2019\/07\/foto-assemblea-700x441.jpg"},"recent-works-thumbnail":{"width":66,"height":66,"mime-type":"image\/jpeg","url":"https:\/\/consultadisabili.fvg.it\/wp-content\/uploads\/2019\/07\/foto-assemblea-66x66.jpg"},"fusion-200":{"width":200,"height":150,"mime-type":"image\/jpeg","url":"https:\/\/consultadisabili.fvg.it\/wp-content\/uploads\/2019\/07\/foto-assemblea-200x150.jpg"},"fusion-400":{"width":400,"height":300,"mime-type":"image\/jpeg","url":"https:\/\/consultadisabili.fvg.it\/wp-content\/uploads\/2019\/07\/foto-assemblea-400x300.jpg"},"fusion-600":{"width":600,"height":450,"mime-type":"image\/jpeg","url":"https:\/\/consultadisabili.fvg.it\/wp-content\/uploads\/2019\/07\/foto-assemblea-600x450.jpg"},"fusion-800":{"width":800,"height":600,"mime-type":"image\/jpeg","url":"https:\/\/consultadisabili.fvg.it\/wp-content\/uploads\/2019\/07\/foto-assemblea-800x600.jpg"},"fusion-1200":{"width":1200,"height":900,"mime-type":"image\/jpeg","url":"https:\/\/consultadisabili.fvg.it\/wp-content\/uploads\/2019\/07\/foto-assemblea-1200x900.jpg"}}},"all_day":true,"start_date":"2019-04-27 00:00:00","start_date_details":{"year":"2019","month":"04","day":"27","hour":"00","minutes":"00","seconds":"00"},"end_date":"2019-04-27 23:59:59","end_date_details":{"year":"2019","month":"04","day":"27","hour":"23","minutes":"59","seconds":"59"},"utc_start_date":"2019-04-27 00:00:00","utc_start_date_details":{"year":"2019","month":"04","day":"27","hour":"00","minutes":"00","seconds":"00"},"utc_end_date":"2019-04-27 23:59:59","utc_end_date_details":{"year":"2019","month":"04","day":"27","hour":"23","minutes":"59","seconds":"59"},"timezone":"UTC+0","timezone_abbr":"UTC+0","cost":"","cost_details":{"currency_symbol":"","currency_position":"prefix","values":[]},"website":"","show_map":false,"show_map_link":false,"hide_from_listings":false,"sticky":false,"featured":false,"categories":[{"name":"Eventi","slug":"eventi","term_group":0,"term_taxonomy_id":8,"taxonomy":"tribe_events_cat","description":"","parent":0,"count":40,"filter":"raw","id":8,"urls":{"self":"https:\/\/consultadisabili.fvg.it\/index.php?rest_route=\/tribe\/events\/v1\/categories\/8","collection":"https:\/\/consultadisabili.fvg.it\/index.php?rest_route=\/tribe\/events\/v1\/categories"}}],"tags":[],"venue":[],"organizer":[],"json_ld":{"@context":"http:\/\/schema.org","@type":"Event","name":"27 aprile 2019 Gorizia &#8211; Assemblea ordinaria della Consulta regionale","description":"&lt;p&gt;L\u2019appello alla Regione del presidente della Consulta BRANCATI: \u201cIL FRIULI VENEZIA GIULIA DIVENTI LA PRIMA REGIONE CON TUTTE LE SCUOLE ACCESSIBILI\u201d C\u2019era anche l\u2019assessore regionale a Infrastrutture e territorio Graziano Pizzimenti all\u2019assemblea della Consulta regionale che si \u00e8 svolta sabato a Gorizia \u00a0\u00a0 Gorizia \u2013 Si \u00e8 svolta sabato mattina negli spazi della Fondazione Cassa di Risparmio di Gorizia, nel capoluogo isontino, l\u2019assemblea ordinaria della Consulta regionale delle associazioni di persone disabili e delle loro famiglie, alla presenza tra gli altri del presidente regionale Mario Brancati, di quello territoriale Gabriele Grudina e di ospiti come l\u2019assessore regionale alle Infrastrutture e al [&hellip;]&lt;\/p&gt;\\n","image":"https:\/\/consultadisabili.fvg.it\/wp-content\/uploads\/2019\/07\/foto-assemblea.jpg","url":"https:\/\/consultadisabili.fvg.it\/?tribe_events=27-aprile-2019-gorizia-assemblea-ordinaria-della-consulta-regionale","startDate":"2019-04-27T00:00:00+00:00","endDate":"2019-04-27T23:59:59+00:00","performer":"Organization"}}